{"id":517046,"date":"2018-02-08T16:21:33","date_gmt":"2018-02-08T22:21:33","guid":{"rendered":"https:\/\/www.futboltotal.com.mx\/?p=517046"},"modified":"2018-02-08T16:23:31","modified_gmt":"2018-02-08T22:23:31","slug":"valencia-0-fc-barcelona-2-copa-del-rey-2018","status":"publish","type":"post","link":"http:\/\/desarrollo.grupomedios.com\/futbol\/destacado-home\/valencia-0-fc-barcelona-2-copa-del-rey-2018\/2018\/02","title":{"rendered":"Coutinho anota y Barcelona se mete a la final en Copa del Rey"},"content":{"rendered":"<p>El <strong>FC Barcelona<\/strong> culmin\u00f3 la obra y termin\u00f3 por vencer al Valencia en su propio campo, coloc\u00e1ndose en la final de la <strong>Copa\u00a0 del Rey<\/strong> ante el <strong>Sevilla<\/strong>, el cuadro blaugrana se mostr\u00f3 ecu\u00e1nime y dominador dentro del terreno de juego, adem\u00e1s que vieron el debut goleador de <strong>Philippe Coutinho<\/strong> con los cul\u00e9s.<\/p>\n<p>Desde los primeros minutos los blaugranas se vieron dominadores con un <strong>Lionel Messi<\/strong> que fue muy golpeado,<strong> Luis Su\u00e1rez<\/strong> tuvo oportunidades para lograr anotar primero pero no acaban por asentarse en el terreno de juego, adem\u00e1s que <strong>Juame<\/strong> logr\u00f3 atajar en un par de intervenciones.<\/p>\n<p><strong>Rodrigo<\/strong> tuvo la m\u00e1s importante al rematar con la cabeza y cimbrar el travesa\u00f1o, adem\u00e1s de <strong>Zaza<\/strong> que no supo resolver en dos ocasiones y perdi\u00f3 la oportunidad. De\u00a0<strong>Coquelin<\/strong> y <strong>Parejo<\/strong> se vieron pocos destellos, pero en general el cuadro local se fue apagando en la primera parte, adem\u00e1s que buscaba llevar el partido al l\u00edmite.<\/p>\n<p style=\"text-align: center;\"><a href=\"https:\/\/www.futboltotal.com.mx\/futbol-mexicano\/liga-mx\/los-jugadores-mexicanos-cruz-azul-supo-aprovechar\/2018\/02\">VER M\u00c1S: Los jugadores mexicanos que Cruz Azul no supo aprovechar<\/a><\/p>\n<p>En la segunda parte se vio una diferencia sustancial con la salida de <strong>Andr\u00e9 Gomes<\/strong> y la entrada del brasile\u00f1o, <strong>Philippe Coutinho<\/strong> quien de inmediato se hizo sentir por la parcela derecha. Apenas al 48 tuvo la oportunidad de marcar su primer gol con los blaugranas luego de un buen desborde de Luis Su\u00e1rez quien envi\u00f3 el esf\u00e9rico al segundo palo y el ex del Liverpool se encarg\u00f3 de mandar a las redes.<\/p>\n<blockquote class=\"twitter-tweet\" data-lang=\"es\">\n<p dir=\"ltr\" lang=\"es\">El primer gol de Coutinho con el Bar\u00e7a, &#x1f377; por muchos m\u00e1s&#8230; \u00a1A la salud! <a href=\"https:\/\/t.co\/cXeLnMyflG\">pic.twitter.com\/cXeLnMyflG<\/a><\/p>\n<p>\u2014 Bar\u00e7a Honduras (@Barcelona_HND) <a href=\"https:\/\/twitter.com\/Barcelona_HND\/status\/961716813523509249?ref_src=twsrc%5Etfw\">8 de febrero de 2018<\/a><\/p><\/blockquote>\n<p><script async src=\"https:\/\/platform.twitter.com\/widgets.js\" charset=\"utf-8\"><\/script><\/p>\n<p>Con este gol pr\u00e1cticamente se sentenci\u00f3, pues los blaugranas, el Valencia baj\u00f3 su rendimiento de forma importante y apenas una buena atajada de <strong>Jasper Cillessen<\/strong>, quien sac\u00f3 una jugada clara de gol fue lo m\u00e1s importante que sucedi\u00f3 en el encuentro, pero los cul\u00e9s lograron contratar de manera tranquila el encuentro. Adem\u00e1s se dieron el lujo de debutar a<strong> Yerry Mina<\/strong>, quien por fin piso el terreno de juego vestido de blaugrana.<\/p>\n<p>La cereza del pastel la puso el croata <strong>Ivan Rakitic<\/strong> quien aprovech\u00f3 un error de la defensa local para terminar de sentenciar un encuentro que parec\u00eda decidido desde los primeros minutos del complemento.<\/p>\n<blockquote class=\"twitter-tweet\" data-lang=\"es\">\n<p dir=\"ltr\" lang=\"es\">\u00a1EL GOLAZO DE IV\u00c1N RAKITIC! <a href=\"https:\/\/t.co\/h5DsQakIoj\">pic.twitter.com\/h5DsQakIoj<\/a><\/p>\n<p>\u2014 Iniestismo (@IniestisMedia_) <a href=\"https:\/\/twitter.com\/IniestisMedia_\/status\/961724833276092417?ref_src=twsrc%5Etfw\">8 de febrero de 2018<\/a><\/p><\/blockquote>\n<p><script async src=\"https:\/\/platform.twitter.com\/widgets.js\" charset=\"utf-8\"><\/script><\/p>\n<p style=\"text-align: center;\"><a href=\"https:\/\/www.futboltotal.com.mx\/futbol-internacional\/liga-de-espana\/zidane-sacara-a-isco-fichar-a-estrella-premier-legue\/2018\/02\">VER M\u00c1S: Zidane sacar\u00e1 a Isco para fichar a estrella de Premier Legue<\/a><\/p>\n<p>&nbsp;<\/p>\n","protected":false},"excerpt":{"rendered":"<p>El cuadro blaugrana mostr\u00f3 su poder\u00edo y acab\u00f3 por sentenciar la serie a su favor<\/p>\n","protected":false},"author":159,"featured_media":517051,"comment_status":"closed","ping_status":"closed","sticky":false,"template":"","format":"standard","meta":[],"categories":[5,3839,3844],"tags":[5984,11642,6214,87],"_links":{"self":[{"href":"http:\/\/desarrollo.grupomedios.com\/futbol\/wp-json\/wp\/v2\/posts\/517046"}],"collection":[{"href":"http:\/\/desarrollo.grupomedios.com\/futbol\/wp-json\/wp\/v2\/posts"}],"about":[{"href":"http:\/\/desarrollo.grupomedios.com\/futbol\/wp-json\/wp\/v2\/types\/post"}],"author":[{"embeddable":true,"href":"http:\/\/desarrollo.grupomedios.com\/futbol\/wp-json\/wp\/v2\/users\/159"}],"replies":[{"embeddable":true,"href":"http:\/\/desarrollo.grupomedios.com\/futbol\/wp-json\/wp\/v2\/comments?post=517046"}],"version-history":[{"count":2,"href":"http:\/\/desarrollo.grupomedios.com\/futbol\/wp-json\/wp\/v2\/posts\/517046\/revisions"}],"predecessor-version":[{"id":517053,"href":"http:\/\/desarrollo.grupomedios.com\/futbol\/wp-json\/wp\/v2\/posts\/517046\/revisions\/517053"}],"wp:featuredmedia":[{"embeddable":true,"href":"http:\/\/desarrollo.grupomedios.com\/futbol\/wp-json\/wp\/v2\/media\/517051"}],"wp:attachment":[{"href":"http:\/\/desarrollo.grupomedios.com\/futbol\/wp-json\/wp\/v2\/media?parent=517046"}],"wp:term":[{"taxonomy":"category","embeddable":true,"href":"http:\/\/desarrollo.grupomedios.com\/futbol\/wp-json\/wp\/v2\/categories?post=517046"},{"taxonomy":"post_tag","embeddable":true,"href":"http:\/\/desarrollo.grupomedios.com\/futbol\/wp-json\/wp\/v2\/tags?post=517046"}],"curies":[{"name":"wp","href":"https:\/\/api.w.org\/{rel}","templated":true}]}}