{"id":517050,"date":"2018-02-08T16:27:12","date_gmt":"2018-02-08T22:27:12","guid":{"rendered":"https:\/\/www.futboltotal.com.mx\/?p=517050"},"modified":"2018-02-08T16:59:38","modified_gmt":"2018-02-08T22:59:38","slug":"asi-fue-primer-gol-coutinho-barcelona","status":"publish","type":"post","link":"http:\/\/desarrollo.grupomedios.com\/futbol\/videos\/asi-fue-primer-gol-coutinho-barcelona\/2018\/02","title":{"rendered":"As\u00ed fue el primer gol de Coutinho con el Barcelona"},"content":{"rendered":"<p>El <strong>Barcelona<\/strong> lleg\u00f3 a <strong>Mestalla<\/strong> para disputar el partido de <strong>Vuelta de las Semifinales<\/strong> de la <strong>Copa del Rey<\/strong> y el nuevo refuerzo Blaugrana, <strong>Philippe Coutinho<\/strong>, ya se estren\u00f3 con la camiseta de los cul\u00e9s.<\/p>\n<p>Fue en la segunda mitad cuando los dirigidos por <strong>Ernesto Valverde<\/strong> se fueron adelante en el marcador gracias a una excelente jugada del atacante uruguayo <strong>Luis Su\u00e1rez<\/strong>.<\/p>\n<p>El n\u00famero &#8216;9&#8217; del Barcelona burl\u00f3 a un jugador del Valencia y meti\u00f3 un centro para que Coutinho marcara el primer gol del partido y se estrenara como delantero blaugrana.<\/p>\n<p style=\"text-align: center;\"><span style=\"color: #3366ff;\"><a href=\"https:\/\/www.futboltotal.com.mx\/futbol-internacional\/liga-de-espana\/valencia-0-fc-barcelona-2-copa-del-rey-2018\/2018\/02\">VER M\u00c1S: Coutinho anota y Barcelona se mete a la final en Copa del Rey<\/a><\/span><\/p>\n<p>https:\/\/twitter.com\/NaRedondaVideos\/status\/961724475631980544<\/p>\n<p>El brasile\u00f1o tard\u00f3 213 minutos en marcar con los Blaugranas, pues en sus partidos ante el Celta de Vigo, Alav\u00e9s y Espanyol, se fue sin ninguna anotaci\u00f3n.<\/p>\n","protected":false},"excerpt":{"rendered":"<p>El brasile\u00f1o tard\u00f3 213 minutos en marcar con los Blaugranas.<\/p>\n","protected":false},"author":129,"featured_media":517054,"comment_status":"closed","ping_status":"closed","sticky":false,"template":"","format":"standard","meta":[],"categories":[3839,3844,4],"tags":[5984,6214,2669],"_links":{"self":[{"href":"http:\/\/desarrollo.grupomedios.com\/futbol\/wp-json\/wp\/v2\/posts\/517050"}],"collection":[{"href":"http:\/\/desarrollo.grupomedios.com\/futbol\/wp-json\/wp\/v2\/posts"}],"about":[{"href":"http:\/\/desarrollo.grupomedios.com\/futbol\/wp-json\/wp\/v2\/types\/post"}],"author":[{"embeddable":true,"href":"http:\/\/desarrollo.grupomedios.com\/futbol\/wp-json\/wp\/v2\/users\/129"}],"replies":[{"embeddable":true,"href":"http:\/\/desarrollo.grupomedios.com\/futbol\/wp-json\/wp\/v2\/comments?post=517050"}],"version-history":[{"count":2,"href":"http:\/\/desarrollo.grupomedios.com\/futbol\/wp-json\/wp\/v2\/posts\/517050\/revisions"}],"predecessor-version":[{"id":517064,"href":"http:\/\/desarrollo.grupomedios.com\/futbol\/wp-json\/wp\/v2\/posts\/517050\/revisions\/517064"}],"wp:featuredmedia":[{"embeddable":true,"href":"http:\/\/desarrollo.grupomedios.com\/futbol\/wp-json\/wp\/v2\/media\/517054"}],"wp:attachment":[{"href":"http:\/\/desarrollo.grupomedios.com\/futbol\/wp-json\/wp\/v2\/media?parent=517050"}],"wp:term":[{"taxonomy":"category","embeddable":true,"href":"http:\/\/desarrollo.grupomedios.com\/futbol\/wp-json\/wp\/v2\/categories?post=517050"},{"taxonomy":"post_tag","embeddable":true,"href":"http:\/\/desarrollo.grupomedios.com\/futbol\/wp-json\/wp\/v2\/tags?post=517050"}],"curies":[{"name":"wp","href":"https:\/\/api.w.org\/{rel}","templated":true}]}}