{"id":517056,"date":"2018-02-08T16:53:11","date_gmt":"2018-02-08T22:53:11","guid":{"rendered":"https:\/\/www.futboltotal.com.mx\/?p=517056"},"modified":"2018-02-08T16:53:11","modified_gmt":"2018-02-08T22:53:11","slug":"nahuel-guzman-arremete-contra-la-prensa-mexicana","status":"publish","type":"post","link":"http:\/\/desarrollo.grupomedios.com\/futbol\/futbol-mexicano\/nahuel-guzman-arremete-contra-la-prensa-mexicana\/2018\/02","title":{"rendered":"Nahuel Guzm\u00e1n arremete contra la prensa mexicana"},"content":{"rendered":"<p>El guardameta de los <strong>Tigres UANL, Nahuel Guzm\u00e1n<\/strong> se deslind\u00f3 de lo ocurrido con el delantero chileno <strong>Nicol\u00e1s Castillo<\/strong> en el encuentro ante <strong>Pumas de la UNAM<\/strong> y de paso aprovech\u00f3 para criticar de forma dura a la prensa mexicana, quien a su juicio, no se dedican a informar y se han metido con el desde su llegada a la Liga MX<\/p>\n<p>&#8220;<mark>Nada, como lo tomen los medios, me importa muy poco, hace algunos a\u00f1os que no consumo a los medios,\u00a0porque me di cuenta que el an\u00e1lisis deportivo es menos,\u00a0que son pocos los medios que comunican y son cada vez m\u00e1s los que intentan persuadir a la gente\u201d<\/mark>, se\u00f1al\u00f3 en conferencia de prensa.<\/p>\n<p style=\"text-align: center;\"><a href=\"https:\/\/www.futboltotal.com.mx\/futbol-mexicano\/liga-mx\/los-jugadores-mexicanos-cruz-azul-supo-aprovechar\/2018\/02\">VER M\u00c1S: Los jugadores mexicanos que Cruz Azul no supo aprovechar<\/a><\/p>\n<p>&#8220;Las cr\u00edticas van a surgir siempre,\u00a0estamos preparados para eso, <mark>soy un arquero que ha sido criticado desde el tercer partido que estoy jugando en M\u00e9xico<\/mark> y he sabido manejarlo con sensatez y con inteligencia&#8221;, expres\u00f3 el guardameta ante los medios de comunicaci\u00f3n.<\/p>\n<p>Por otra parte luego de ser cuestionado por las constantes reclamaciones que realiz\u00f3 durante el partido de Pumas, el Pat\u00f3n aprovech\u00f3 para pedir que el arbitraje sea justo, pues siente que\u00a0no se respetan las sanciones\u00a0cuando el futbolista reclama, a pesar que los jugadores siempre intentan ayudar.<\/p>\n<p>&#8220;Parte del reglamento te lo recuerdan cuando vienen a controlar las camisetas en el vestidor, controlan las licras, las remeras t\u00e9rmicas, que tienen que tener el mismo color de la camiseta. Remarcamos que los jugadores estamos tratando de ayudar al arbitraje y no se ve que se aplique con severidad detalles de los reglamentos, as\u00ed como se aplica el reglamento cuando alguien se acerca a reclamar al \u00e1rbitro, <mark>estar\u00eda bueno que se respete con todas las situaciones que nos avisan antes de empezar, en el vestidor<\/mark>&#8220;, finaliz\u00f3.<\/p>\n<p style=\"text-align: center;\"><a href=\"https:\/\/www.futboltotal.com.mx\/futbol-internacional\/liga-de-espana\/zidane-sacara-a-isco-fichar-a-estrella-premier-legue\/2018\/02\">VER M\u00c1S: Zidane sacar\u00e1 a Isco para fichar a estrella de Premier Legue<\/a><\/p>\n","protected":false},"excerpt":{"rendered":"<p>El arquero felino se mostr\u00f3 descontento con el arbitraje que ha visto en las \u00faltimas semanas<\/p>\n","protected":false},"author":159,"featured_media":517058,"comment_status":"closed","ping_status":"closed","sticky":false,"template":"","format":"standard","meta":[],"categories":[2198,3845],"tags":[9028,64,6129,570],"_links":{"self":[{"href":"http:\/\/desarrollo.grupomedios.com\/futbol\/wp-json\/wp\/v2\/posts\/517056"}],"collection":[{"href":"http:\/\/desarrollo.grupomedios.com\/futbol\/wp-json\/wp\/v2\/posts"}],"about":[{"href":"http:\/\/desarrollo.grupomedios.com\/futbol\/wp-json\/wp\/v2\/types\/post"}],"author":[{"embeddable":true,"href":"http:\/\/desarrollo.grupomedios.com\/futbol\/wp-json\/wp\/v2\/users\/159"}],"replies":[{"embeddable":true,"href":"http:\/\/desarrollo.grupomedios.com\/futbol\/wp-json\/wp\/v2\/comments?post=517056"}],"version-history":[{"count":1,"href":"http:\/\/desarrollo.grupomedios.com\/futbol\/wp-json\/wp\/v2\/posts\/517056\/revisions"}],"predecessor-version":[{"id":517059,"href":"http:\/\/desarrollo.grupomedios.com\/futbol\/wp-json\/wp\/v2\/posts\/517056\/revisions\/517059"}],"wp:featuredmedia":[{"embeddable":true,"href":"http:\/\/desarrollo.grupomedios.com\/futbol\/wp-json\/wp\/v2\/media\/517058"}],"wp:attachment":[{"href":"http:\/\/desarrollo.grupomedios.com\/futbol\/wp-json\/wp\/v2\/media?parent=517056"}],"wp:term":[{"taxonomy":"category","embeddable":true,"href":"http:\/\/desarrollo.grupomedios.com\/futbol\/wp-json\/wp\/v2\/categories?post=517056"},{"taxonomy":"post_tag","embeddable":true,"href":"http:\/\/desarrollo.grupomedios.com\/futbol\/wp-json\/wp\/v2\/tags?post=517056"}],"curies":[{"name":"wp","href":"https:\/\/api.w.org\/{rel}","templated":true}]}}