{"id":517069,"date":"2018-02-08T19:51:24","date_gmt":"2018-02-09T01:51:24","guid":{"rendered":"https:\/\/www.futboltotal.com.mx\/?p=517069"},"modified":"2018-02-08T19:51:24","modified_gmt":"2018-02-09T01:51:24","slug":"la-confesion-chicharito-creerias-en-west-ham","status":"publish","type":"post","link":"http:\/\/desarrollo.grupomedios.com\/futbol\/destacado-home\/la-confesion-chicharito-creerias-en-west-ham\/2018\/02","title":{"rendered":"La confesi\u00f3n de &#8216;Chicharito&#8217; que no creer\u00edas en West Ham"},"content":{"rendered":"<p>El delantero mexicano <strong>Javier &#8216;Chicharito&#8217; Hern\u00e1ndez<\/strong> confes\u00f3 c\u00f3mo ha sido su sentir en las \u00faltimas semanas con el West Ham, y la relaci\u00f3n con David Moyes.<\/p>\n<p>El artillero azteca dijo que &#8220;jam\u00e1s me imagin\u00e9 que iba a jugar muchos minutos en las \u00faltimas semanas&#8221;, en una entrevista con la cadena <em>ESPN<\/em> en Brasil.<\/p>\n<p>&#8216;Chicharito&#8217; ha tenido una buena participaci\u00f3n en los \u00faltimos encuentros del <strong>West Ham<\/strong>, donde incluso ha disputado de titular y ha jugado los 90 minutos, como en la derrota contra el Brighton por 3-1.<\/p>\n<p style=\"text-align: center;\"><a href=\"https:\/\/www.futboltotal.com.mx\/destacado-home\/defensa-mexicano-visto-crack-en-inglaterra\/2018\/02\">VER M\u00c1S: <span class=\"item-title\">El defensa mexicano que es visto como crack en Inglaterra<\/span><\/a><\/p>\n<p>El &#8217;17&#8217; del West Ham ha aprovechado de buena manera que delanteros como <strong>Andy Carroll o Marko Arnautovic<\/strong> tienen lesiones que no les han permitido del todo poder encontrarse en la escuadra inglesa, sumado a la salida de <strong>Andre Ayew<\/strong> al Swansea en el pasado mercado de invierno.<\/p>\n<p>Javier Hern\u00e1ndez viene de lograr un golazo en la derrota 1-3 ante el <strong>Brighton<\/strong>, pero se ha convertido de nuevo en ese delantero con personalidad que trata de todas las formas de hacerse sentir a los rivales.<\/p>\n<p>La relaci\u00f3n con el entrenador David Moyes ha mejorado con el paso de los d\u00edas, y por ahora, Hern\u00e1ndez est\u00e1 totalmente afianzado en la delantera de los &#8216;Hammers&#8217;, lo cual no sonaba tan factible por la situaci\u00f3n que hab\u00eda vivido &#8216;Chicharito&#8217; en el <strong>Manchester United<\/strong> bajo el mando de Moyes donde vio muy pocos minutos y deriv\u00f3 en su salida hacia el <strong>Bayer Leverkusen.<\/strong><\/p>\n<p style=\"text-align: center;\"><a href=\"https:\/\/www.futboltotal.com.mx\/videos\/asi-fue-primer-gol-coutinho-barcelona\/2018\/02\">VER M\u00c1S: <span class=\"item-title\">As\u00ed fue el primer gol de Coutinho con el Barcelona<\/span><\/a><\/p>\n<p>Actualmente, Javier Hern\u00e1ndez lleva 24 participaciones con el West Ham entre duelos de liga y copa, donde s\u00f3lo ha podido anotar en cuatro ocasiones, y eso en parte afect\u00f3 la estad\u00eda del mexicano en la escuadra de la Premier League, donde incluso estuvo lesionado algunas semanas previo a la llegada del estratega David Moyes.<\/p>\n<blockquote class=\"twitter-tweet\" data-lang=\"es\">\n<p dir=\"ltr\" lang=\"es\">El gol de Javier Hern\u00e1ndez que mantiene el empate contra el Brighton, ya es el m\u00e1ximo anotador del West Ham en <a href=\"https:\/\/twitter.com\/hashtag\/PremierLeague?src=hash&amp;ref_src=twsrc%5Etfw\">#PremierLeague<\/a> (6). <a href=\"https:\/\/t.co\/fRlVyROYDB\">pic.twitter.com\/fRlVyROYDB<\/a><\/p>\n<p>\u2014 Ivan (@IRodriguezAlfie) <a href=\"https:\/\/twitter.com\/IRodriguezAlfie\/status\/959822086255628288?ref_src=twsrc%5Etfw\">3 de febrero de 2018<\/a><\/p><\/blockquote>\n<p><script async src=\"https:\/\/platform.twitter.com\/widgets.js\" charset=\"utf-8\"><\/script><\/p>\n","protected":false},"excerpt":{"rendered":"<p>El delantero mexicano ha tenido buenos momentos en las \u00faltimas semanas en la Premier<\/p>\n","protected":false},"author":160,"featured_media":517070,"comment_status":"closed","ping_status":"closed","sticky":false,"template":"","format":"standard","meta":[],"categories":[5,3839,3846],"tags":[5985,4037,1743],"_links":{"self":[{"href":"http:\/\/desarrollo.grupomedios.com\/futbol\/wp-json\/wp\/v2\/posts\/517069"}],"collection":[{"href":"http:\/\/desarrollo.grupomedios.com\/futbol\/wp-json\/wp\/v2\/posts"}],"about":[{"href":"http:\/\/desarrollo.grupomedios.com\/futbol\/wp-json\/wp\/v2\/types\/post"}],"author":[{"embeddable":true,"href":"http:\/\/desarrollo.grupomedios.com\/futbol\/wp-json\/wp\/v2\/users\/160"}],"replies":[{"embeddable":true,"href":"http:\/\/desarrollo.grupomedios.com\/futbol\/wp-json\/wp\/v2\/comments?post=517069"}],"version-history":[{"count":1,"href":"http:\/\/desarrollo.grupomedios.com\/futbol\/wp-json\/wp\/v2\/posts\/517069\/revisions"}],"predecessor-version":[{"id":517071,"href":"http:\/\/desarrollo.grupomedios.com\/futbol\/wp-json\/wp\/v2\/posts\/517069\/revisions\/517071"}],"wp:featuredmedia":[{"embeddable":true,"href":"http:\/\/desarrollo.grupomedios.com\/futbol\/wp-json\/wp\/v2\/media\/517070"}],"wp:attachment":[{"href":"http:\/\/desarrollo.grupomedios.com\/futbol\/wp-json\/wp\/v2\/media?parent=517069"}],"wp:term":[{"taxonomy":"category","embeddable":true,"href":"http:\/\/desarrollo.grupomedios.com\/futbol\/wp-json\/wp\/v2\/categories?post=517069"},{"taxonomy":"post_tag","embeddable":true,"href":"http:\/\/desarrollo.grupomedios.com\/futbol\/wp-json\/wp\/v2\/tags?post=517069"}],"curies":[{"name":"wp","href":"https:\/\/api.w.org\/{rel}","templated":true}]}}