{"id":517075,"date":"2018-02-08T21:07:12","date_gmt":"2018-02-09T03:07:12","guid":{"rendered":"https:\/\/www.futboltotal.com.mx\/?p=517075"},"modified":"2018-02-08T21:07:12","modified_gmt":"2018-02-09T03:07:12","slug":"america-se-quedaria-sin-delanteros-sudamericanos-clausura-2018","status":"publish","type":"post","link":"http:\/\/desarrollo.grupomedios.com\/futbol\/futbol-mexicano\/america-se-quedaria-sin-delanteros-sudamericanos-clausura-2018\/2018\/02","title":{"rendered":"Am\u00e9rica se quedar\u00eda sin delanteros sudamericanos para el Clausura 2018"},"content":{"rendered":"<p>El delantero de las \u00c1guilas del Am\u00e9rica, <strong>Darwin Quintero<\/strong>, ha vivido un torneo muy complicado para \u00e9l en el Torneo Clausura 2018 de la Liga MX.<\/p>\n<p>Quintero hab\u00eda sido uno de los jugadores inamovibles durante gran parte del pasado Apertura 2017, donde incluso durante la primera parte del certamen fue la gran revelaci\u00f3n de la ofensiva americanista junto a <strong>Oribe Peralta y Silvio Romero<\/strong>.<\/p>\n<p>Y para este <strong>Clausura 2018<\/strong>, Quintero ha sido enviado incluso a la tribuna por el entrenador <strong>Miguel Herrera<\/strong>, quien lo ha dejado de contemplar para este torneo por el baj\u00f3n de nivel que dio desde la \u00faltima parte del 2017 y que no ha recuperado en las jornadas iniciales.<\/p>\n<p style=\"text-align: center;\"><span style=\"color: #333399;\"><a href=\"https:\/\/www.futboltotal.com.mx\/destacado-home\/oswaldo-alanis-estaria-vuelta-las-chivas\/2018\/02\">VER M\u00c1S: <span class=\"item-title\">Oswaldo Alan\u00eds estar\u00eda de vuelta con las Chivas<\/span><\/a><\/span><\/p>\n<p>Este jueves se dio a conocer que el <strong>Toronto FC<\/strong>, equipo con el jug\u00f3 Am\u00e9rica en un duelo amistoso como apoyo a la escuadra estadounidense en su preparaci\u00f3n para la <strong>Concachampions, <\/strong>pregunt\u00f3 por los servicios del futbolista colombiano.<\/p>\n<p>Darwin Quintero podr\u00eda tener su futuro en la <strong>MLS<\/strong> despu\u00e9s de que Toronto o los Whitecaps de Vancouver que tambi\u00e9n ya pidieron informes sobre el delantero de las \u00c1guilas sea su pr\u00f3ximo destino.<\/p>\n<p>Por otro lado, <strong>Silvio Romero<\/strong> dej\u00f3 hace un par de semanas a la instituci\u00f3n azulcrema para fichar con el Independiente de Avellaneda, escuadra con la que lleg\u00f3 a un acuerdo el Am\u00e9rica para cerrar su traspaso.<\/p>\n<p style=\"text-align: center;\"><span style=\"color: #333399;\"><a href=\"https:\/\/www.futboltotal.com.mx\/futbol-mexicano\/nahuel-guzman-arremete-contra-la-prensa-mexicana\/2018\/02\">VER M\u00c1S: <span class=\"item-title\">Nahuel Guzm\u00e1n arremete contra la prensa mexicana<\/span><\/a><\/span><\/p>\n<p>Romero hab\u00eda cumplido su ciclo en las \u00c1guilas, y <strong>Miguel Herrera<\/strong> termin\u00f3 por cederlo al futbol de Argentina, donde tambi\u00e9n hab\u00eda sido pretendido por equipos como el River Plate.<\/p>\n<p>El \u00fanico futbolista que podr\u00eda ser considerado como delantero, aunque es m\u00e1s un volante ofensivo es <strong>Cecilio Dom\u00ednguez<\/strong>, quien poco a poco se ha ganado m\u00e1s minutos en este torneo bajo el mando del &#8216;Piojo&#8217;.<\/p>\n<p>&nbsp;<\/p>\n<p>&nbsp;<\/p>\n<p>&nbsp;<\/p>\n<p>&nbsp;<\/p>\n","protected":false},"excerpt":{"rendered":"<p>Las \u00c1guilas ver\u00edan partir a uno de sus \u00faltimos futbolistas de Sudam\u00e9rica<\/p>\n","protected":false},"author":160,"featured_media":517076,"comment_status":"closed","ping_status":"closed","sticky":false,"template":"","format":"standard","meta":[],"categories":[2198,3845],"tags":[5959,284,6803,906],"_links":{"self":[{"href":"http:\/\/desarrollo.grupomedios.com\/futbol\/wp-json\/wp\/v2\/posts\/517075"}],"collection":[{"href":"http:\/\/desarrollo.grupomedios.com\/futbol\/wp-json\/wp\/v2\/posts"}],"about":[{"href":"http:\/\/desarrollo.grupomedios.com\/futbol\/wp-json\/wp\/v2\/types\/post"}],"author":[{"embeddable":true,"href":"http:\/\/desarrollo.grupomedios.com\/futbol\/wp-json\/wp\/v2\/users\/160"}],"replies":[{"embeddable":true,"href":"http:\/\/desarrollo.grupomedios.com\/futbol\/wp-json\/wp\/v2\/comments?post=517075"}],"version-history":[{"count":1,"href":"http:\/\/desarrollo.grupomedios.com\/futbol\/wp-json\/wp\/v2\/posts\/517075\/revisions"}],"predecessor-version":[{"id":517077,"href":"http:\/\/desarrollo.grupomedios.com\/futbol\/wp-json\/wp\/v2\/posts\/517075\/revisions\/517077"}],"wp:featuredmedia":[{"embeddable":true,"href":"http:\/\/desarrollo.grupomedios.com\/futbol\/wp-json\/wp\/v2\/media\/517076"}],"wp:attachment":[{"href":"http:\/\/desarrollo.grupomedios.com\/futbol\/wp-json\/wp\/v2\/media?parent=517075"}],"wp:term":[{"taxonomy":"category","embeddable":true,"href":"http:\/\/desarrollo.grupomedios.com\/futbol\/wp-json\/wp\/v2\/categories?post=517075"},{"taxonomy":"post_tag","embeddable":true,"href":"http:\/\/desarrollo.grupomedios.com\/futbol\/wp-json\/wp\/v2\/tags?post=517075"}],"curies":[{"name":"wp","href":"https:\/\/api.w.org\/{rel}","templated":true}]}}