{"id":517087,"date":"2018-02-09T09:35:10","date_gmt":"2018-02-09T15:35:10","guid":{"rendered":"https:\/\/www.futboltotal.com.mx\/?p=517087"},"modified":"2018-02-09T09:35:41","modified_gmt":"2018-02-09T15:35:41","slug":"chepo-la-torre-cerca-regresar-dt-a-la-liga-mx","status":"publish","type":"post","link":"http:\/\/desarrollo.grupomedios.com\/futbol\/futbol-mexicano\/chepo-la-torre-cerca-regresar-dt-a-la-liga-mx\/2018\/02","title":{"rendered":"&#8216;Chepo&#8217; de la Torre, cerca de regresar en la Liga MX"},"content":{"rendered":"<p>El estratega mexicano,\u00a0<strong>Jos\u00e9 Manuel de la Torre,\u00a0<\/strong>tendr\u00eda la posibilidad de regresar a dirigir en la <strong>Liga MX,<\/strong> luego la directiva de Lobos BUAP ya est\u00e1 sondenado posibilidades, luego del mal paso que ha tenido el equipo en el actual <strong>Clausura 2018<\/strong> y ya piensa en hacer a un lado del cargo a\u00a0<strong>Rafael Puente Jr.\u00a0<\/strong>quien no ha logrado enderezar al equipo lic\u00e1ntropo.<\/p>\n<p>El nombre que ha sonado con mayor fuerza es el del <strong>&#8216;Chepo&#8217;<\/strong> de acuerdo con el diario R\u00e9cord, esta ser\u00eda su nueva oportunidad luego de su \u00faltima experiencia con Santos Laguna, a quien dirig\u00eda en la temporada anterior, pero los malos resultados lo obligaron a dar un paso al costado con los Guerreros.<\/p>\n<p style=\"text-align: center;\"><a href=\"https:\/\/www.futboltotal.com.mx\/futbol-internacional\/liga-de-italia\/gigante-italia-en-la-mira-a-hector-herrera\/2018\/02\">VER M\u00c1S: Un gigante de Italia tiene en la mira a H\u00e9ctor Herrera<\/a><\/p>\n<p>Los Lobos BUAP son \u00faltimo lugar de la tabla general luego de sumar cuatro derrotas y un empate, teniendo as\u00ed un p\u00e9simo arranque del torneo, donde adem\u00e1s ha sido el equipo m\u00e1s goleado en lo que va del Clausura 2018 con <strong>15 goles en contra.<\/strong><\/p>\n<p>El factor principal para que la directiva de Lobos est\u00e9 en p\u00e1nico es el hecho que no est\u00e1n viendo la forma en que Rafa Puente logre enderezar el barco y no pueden dejar de pensar en el tema del descenso,<mark> se habla que en caso de una derrota ante los Rojinegros del Atlas el estratega ser\u00eda cesado de forma inmediata<\/mark>.<\/p>\n<p style=\"text-align: center;\"><a href=\"https:\/\/www.futboltotal.com.mx\/futbol-mexicano\/liga-mx\/los-jugadores-mexicanos-cruz-azul-supo-aprovechar\/2018\/02\">VER M\u00c1S: Los jugadores mexicanos que Cruz Azul no supo aprovechar<\/a><\/p>\n","protected":false},"excerpt":{"rendered":"<p>El estratega estar\u00e1 al pendiente de la Jornada 6 del Clausura 2018 donde podr\u00eda rodar una cabeza<\/p>\n","protected":false},"author":159,"featured_media":517088,"comment_status":"closed","ping_status":"closed","sticky":false,"template":"","format":"standard","meta":[],"categories":[2198,3845],"tags":[795,9028,741,64,431],"_links":{"self":[{"href":"http:\/\/desarrollo.grupomedios.com\/futbol\/wp-json\/wp\/v2\/posts\/517087"}],"collection":[{"href":"http:\/\/desarrollo.grupomedios.com\/futbol\/wp-json\/wp\/v2\/posts"}],"about":[{"href":"http:\/\/desarrollo.grupomedios.com\/futbol\/wp-json\/wp\/v2\/types\/post"}],"author":[{"embeddable":true,"href":"http:\/\/desarrollo.grupomedios.com\/futbol\/wp-json\/wp\/v2\/users\/159"}],"replies":[{"embeddable":true,"href":"http:\/\/desarrollo.grupomedios.com\/futbol\/wp-json\/wp\/v2\/comments?post=517087"}],"version-history":[{"count":2,"href":"http:\/\/desarrollo.grupomedios.com\/futbol\/wp-json\/wp\/v2\/posts\/517087\/revisions"}],"predecessor-version":[{"id":517090,"href":"http:\/\/desarrollo.grupomedios.com\/futbol\/wp-json\/wp\/v2\/posts\/517087\/revisions\/517090"}],"wp:featuredmedia":[{"embeddable":true,"href":"http:\/\/desarrollo.grupomedios.com\/futbol\/wp-json\/wp\/v2\/media\/517088"}],"wp:attachment":[{"href":"http:\/\/desarrollo.grupomedios.com\/futbol\/wp-json\/wp\/v2\/media?parent=517087"}],"wp:term":[{"taxonomy":"category","embeddable":true,"href":"http:\/\/desarrollo.grupomedios.com\/futbol\/wp-json\/wp\/v2\/categories?post=517087"},{"taxonomy":"post_tag","embeddable":true,"href":"http:\/\/desarrollo.grupomedios.com\/futbol\/wp-json\/wp\/v2\/tags?post=517087"}],"curies":[{"name":"wp","href":"https:\/\/api.w.org\/{rel}","templated":true}]}}