{"id":517105,"date":"2018-02-09T10:53:09","date_gmt":"2018-02-09T16:53:09","guid":{"rendered":"https:\/\/www.futboltotal.com.mx\/?p=517105"},"modified":"2018-02-09T10:53:09","modified_gmt":"2018-02-09T16:53:09","slug":"posible-refuerzo-america-se-queda-sin-lugar-en-equipo","status":"publish","type":"post","link":"http:\/\/desarrollo.grupomedios.com\/futbol\/futbol-mexicano\/posible-refuerzo-america-se-queda-sin-lugar-en-equipo\/2018\/02","title":{"rendered":"Posible refuerzo de Am\u00e9rica se queda sin lugar en su equipo"},"content":{"rendered":"<p>Durante el pasado mercado de fichajes el cuadro de las <strong>\u00c1guilas del Am\u00e9rica<\/strong> estaba en busca de un delantero de primer nivel, algunos de sus prospectos jugaban en el futbol de Europa, sin embargo de igual manera pusieron la mira en jugadores que ya conoc\u00edan la <strong>Liga MX<\/strong> y el candidato que son\u00f3 con m\u00e1s fuerza en ese aspecto era el colombiano\u00a0<strong>Jackson Mart\u00ednez,\u00a0<\/strong>quien se ha quedado fuera de la lista de su equipo en China,<\/p>\n<p>El delantero colombiano contin\u00faa recuper\u00e1ndose de su lesi\u00f3n, por lo que el\u00a0<strong>Guangzhou Evergrande\u00a0<\/strong>ha decidido dejarlo fuera de la lista de registros en\u00a0<strong> Superliga china <\/strong>y<strong> AFC Champions League,\u00a0<\/strong>esto lo deja fuera de toda actividad hasta el pr\u00f3ximo verano, donde en caso de ser dado de alta tendr\u00e1n que desprenderse de uno de sus cuatro extranjeros, algo que resulta muy dif\u00edcil de pensar.<\/p>\n<p style=\"text-align: center;\"><a href=\"https:\/\/www.futboltotal.com.mx\/futbol-mexicano\/liga-mx\/los-jugadores-mexicanos-cruz-azul-supo-aprovechar\/2018\/02\">VER M\u00c1S: Los jugadores mexicanos que Cruz Azul no supo aprovechar<\/a><\/p>\n<p>El equipo dirigido por<strong>\u00a0Fabio Cannavaro<\/strong> ha desaparecido de la web oficial del club la ficha del futbolista colombiano, sobre todo luego que consumaran el fichaje del centrocampista serbio\u00a0<strong>Nemanja Gudelj<\/strong>, quien se convirti\u00f3 en su nuevo refuerzo y el cuarto for\u00e1neo del equipo chino.<\/p>\n<p>En el pr\u00f3ximo verano, Mart\u00ednez estar\u00eda completamente recuperado y a las \u00f3rdenes de <strong>Cannavaro<\/strong>, quien podr\u00eda optar por darle una nueva oportunidad luego que no ha visto acci\u00f3n desde hace m\u00e1s de un a\u00f1o o darle salida a alg\u00fan otro club que est\u00e9 interesado, veremos si el cuadro americanista vuelve a poner en su mira al ex Jaguares de Chiapas.<\/p>\n<p style=\"text-align: center;\"><a href=\"https:\/\/www.futboltotal.com.mx\/futbol-mexicano\/liga-mx\/chepo-la-torre-cerca-regresar-dt-a-la-liga-mx\/2018\/02\">VER M\u00c1S: &#8216;Chepo&#8217; de la Torre, cerca de regresar en la Liga MX<\/a><\/p>\n<p>&nbsp;<\/p>\n<p>&nbsp;<\/p>\n","protected":false},"excerpt":{"rendered":"<p>El cuadro de las \u00c1guilas estuvo interesado en el futbolista y ahora se ha quedado sin equipo<\/p>\n","protected":false},"author":159,"featured_media":517106,"comment_status":"closed","ping_status":"closed","sticky":false,"template":"","format":"standard","meta":[],"categories":[2198,3845],"tags":[1585,5959,9028,6039,64],"_links":{"self":[{"href":"http:\/\/desarrollo.grupomedios.com\/futbol\/wp-json\/wp\/v2\/posts\/517105"}],"collection":[{"href":"http:\/\/desarrollo.grupomedios.com\/futbol\/wp-json\/wp\/v2\/posts"}],"about":[{"href":"http:\/\/desarrollo.grupomedios.com\/futbol\/wp-json\/wp\/v2\/types\/post"}],"author":[{"embeddable":true,"href":"http:\/\/desarrollo.grupomedios.com\/futbol\/wp-json\/wp\/v2\/users\/159"}],"replies":[{"embeddable":true,"href":"http:\/\/desarrollo.grupomedios.com\/futbol\/wp-json\/wp\/v2\/comments?post=517105"}],"version-history":[{"count":1,"href":"http:\/\/desarrollo.grupomedios.com\/futbol\/wp-json\/wp\/v2\/posts\/517105\/revisions"}],"predecessor-version":[{"id":517107,"href":"http:\/\/desarrollo.grupomedios.com\/futbol\/wp-json\/wp\/v2\/posts\/517105\/revisions\/517107"}],"wp:featuredmedia":[{"embeddable":true,"href":"http:\/\/desarrollo.grupomedios.com\/futbol\/wp-json\/wp\/v2\/media\/517106"}],"wp:attachment":[{"href":"http:\/\/desarrollo.grupomedios.com\/futbol\/wp-json\/wp\/v2\/media?parent=517105"}],"wp:term":[{"taxonomy":"category","embeddable":true,"href":"http:\/\/desarrollo.grupomedios.com\/futbol\/wp-json\/wp\/v2\/categories?post=517105"},{"taxonomy":"post_tag","embeddable":true,"href":"http:\/\/desarrollo.grupomedios.com\/futbol\/wp-json\/wp\/v2\/tags?post=517105"}],"curies":[{"name":"wp","href":"https:\/\/api.w.org\/{rel}","templated":true}]}}