{"id":517111,"date":"2018-02-09T12:14:18","date_gmt":"2018-02-09T18:14:18","guid":{"rendered":"https:\/\/www.futboltotal.com.mx\/?p=517111"},"modified":"2018-02-09T12:14:18","modified_gmt":"2018-02-09T18:14:18","slug":"angel-di-maria-los-memes-lo-llevaron-a-terapia","status":"publish","type":"post","link":"http:\/\/desarrollo.grupomedios.com\/futbol\/futbol-internacional\/angel-di-maria-los-memes-lo-llevaron-a-terapia\/2018\/02","title":{"rendered":"\u00c1ngel Di Mar\u00eda, los memes lo llevaron a terapia"},"content":{"rendered":"<p>El futbolista argentino del <strong>Paris Saint- Germain, \u00c1ngel Di Mar\u00eda<\/strong> se confes\u00f3 en una entrevista y admiti\u00f3 haber vivido momentos complicados durante su vida debido a las fuertes cr\u00edticas que ha recibido en redes sociales, sobre todo por su aporte con la<strong> Selecci\u00f3n de Argentina.<\/strong><\/p>\n<p>En una entrevista, el &#8216;Fideo&#8217; expres\u00f3 que en los \u00faltimos tres a\u00f1os fueron tendencia en las redes sociales por las tres finales que perdieron y fueron duramente criticados con publicaciones y memes, este tipo de situaci\u00f3n provocaron que el argentino pensara en el retiro y fuera a un psic\u00f3logo para recuperarse del mal momento.<\/p>\n<p style=\"text-align: center;\"><a href=\"https:\/\/www.futboltotal.com.mx\/futbol-mexicano\/liga-mx\/chivas-2-opciones-elegir-a-director-deportivo\/2018\/02\">VER M\u00c1S: Chivas, con 2 opciones para elegir a su director deportivo<\/a><\/p>\n<p><mark>\u201cLas cargadas y los memes a los jugadores de la Selecci\u00f3n nos duelen much\u00edsimo. Y te hace pensar. Si piensas dejarlo (el f\u00fatbol), es por eso. Porque ves a la familia sufrir, porque te dan para adelante, pero tambi\u00e9n sufren por ti\u201d<\/mark>, estableci\u00f3 el futbolista para la cadena TyC Sports de su pa\u00eds.<\/p>\n<p>Por otro lado, tambi\u00e9n relat\u00f3 aquello que le ha ayudado a superar los campeonatos que no pudo ganar con la Albiceleste; <mark>&#8220;a\u00a0m\u00ed me ayud\u00f3 mucho el psic\u00f3logo, poder hablar, poder descargarme<\/mark>. Gracias a eso aprend\u00ed que detr\u00e1s de una computadora o un celular es f\u00e1cil re\u00edrse, pero solamente hacen eso\u201d, mencion\u00f3.<\/p>\n<p>Por \u00faltimo estableci\u00f3 que la <strong>Copa del Mundo de Rusia 2018<\/strong> es una nueva ilusi\u00f3n, pues ve a Argentina con el nivel de potencias de la talla de Espa\u00f1a y Alemania;\u00a0\u201cEstamos a su nivel por nombres y por lo que se tiene para jugar\u201d, finaliz\u00f3.<\/p>\n<p style=\"text-align: center;\"><a href=\"https:\/\/www.futboltotal.com.mx\/futbol-mexicano\/liga-mx\/10-futbolistas-que-jugaron-para-monarcas-pumas\/2018\/02\">VER M\u00c1S: 10 futbolistas que jugaron para Monarcas y Pumas<\/a><\/p>\n<div id=\"Videoinread\" class=\"mol-bl-add mol-bl-add--videoinread\" data-google-query-id=\"CLnfkdW1mdkCFUqFaQodwEsOhA\"><\/div>\n","protected":false},"excerpt":{"rendered":"<p>El argentino pens\u00f3 en retirarse del futbol por las duras cr\u00edticas que recib\u00eda en redes sociales<\/p>\n","protected":false},"author":159,"featured_media":517112,"comment_status":"closed","ping_status":"closed","sticky":false,"template":"","format":"standard","meta":[],"categories":[3839],"tags":[2020,5996,1376,2232],"_links":{"self":[{"href":"http:\/\/desarrollo.grupomedios.com\/futbol\/wp-json\/wp\/v2\/posts\/517111"}],"collection":[{"href":"http:\/\/desarrollo.grupomedios.com\/futbol\/wp-json\/wp\/v2\/posts"}],"about":[{"href":"http:\/\/desarrollo.grupomedios.com\/futbol\/wp-json\/wp\/v2\/types\/post"}],"author":[{"embeddable":true,"href":"http:\/\/desarrollo.grupomedios.com\/futbol\/wp-json\/wp\/v2\/users\/159"}],"replies":[{"embeddable":true,"href":"http:\/\/desarrollo.grupomedios.com\/futbol\/wp-json\/wp\/v2\/comments?post=517111"}],"version-history":[{"count":1,"href":"http:\/\/desarrollo.grupomedios.com\/futbol\/wp-json\/wp\/v2\/posts\/517111\/revisions"}],"predecessor-version":[{"id":517113,"href":"http:\/\/desarrollo.grupomedios.com\/futbol\/wp-json\/wp\/v2\/posts\/517111\/revisions\/517113"}],"wp:featuredmedia":[{"embeddable":true,"href":"http:\/\/desarrollo.grupomedios.com\/futbol\/wp-json\/wp\/v2\/media\/517112"}],"wp:attachment":[{"href":"http:\/\/desarrollo.grupomedios.com\/futbol\/wp-json\/wp\/v2\/media?parent=517111"}],"wp:term":[{"taxonomy":"category","embeddable":true,"href":"http:\/\/desarrollo.grupomedios.com\/futbol\/wp-json\/wp\/v2\/categories?post=517111"},{"taxonomy":"post_tag","embeddable":true,"href":"http:\/\/desarrollo.grupomedios.com\/futbol\/wp-json\/wp\/v2\/tags?post=517111"}],"curies":[{"name":"wp","href":"https:\/\/api.w.org\/{rel}","templated":true}]}}