{"id":517115,"date":"2018-02-09T12:43:31","date_gmt":"2018-02-09T18:43:31","guid":{"rendered":"https:\/\/www.futboltotal.com.mx\/?p=517115"},"modified":"2018-02-09T12:43:31","modified_gmt":"2018-02-09T18:43:31","slug":"pelaez-explota-contra-faitelson-eres-estupido","status":"publish","type":"post","link":"http:\/\/desarrollo.grupomedios.com\/futbol\/futbol-mexicano\/pelaez-explota-contra-faitelson-eres-estupido\/2018\/02","title":{"rendered":"Pel\u00e1ez explota contra Faitelson; &#8220;Eres un est\u00fapido&#8221;"},"content":{"rendered":"<p>El ex director deportivo de las <strong>\u00c1guilas del <a href=\"https:\/\/www.futboltotal.com.mx\/futbol-mexicano\/liga-mx\/posible-refuerzo-america-se-queda-sin-lugar-en-equipo\/2018\/02\" target=\"_blank\" rel=\"noopener\">Am\u00e9rica<\/a>, Ricardo Pel\u00e1ez<\/strong> explot\u00f3 en contra del comentarista deportivo, <strong>David Faitelson<\/strong>, luego que este comenzara a lanzar conjeturas sobre su salida de Coapa, esto durante el programa nocturno Futbol Picante, donde se analiza de forma intensa la jornada futbol\u00edstica.<\/p>\n<p>En algo que Faitelson llam\u00f3 dentro del programa como <strong>&#8216;La operaci\u00f3n Tijuana&#8217;<\/strong> indic\u00f3 que el actual estratega del Club Am\u00e9rica, Miguel &#8216;Piojo&#8217; Herrera orquest\u00f3 la salida de Ricardo Pel\u00e1ez desde el cuadro fronterizo <mark>&#8220;Lo que estoy diciendo Miguel Herrera negoci\u00f3 su llegada su llegada al Am\u00e9rica, pidiendo a cambio que tu (Pel\u00e1ez) te fueras del Am\u00e9rica, tan sencillo como eso&#8221;<\/mark>, expres\u00f3 el periodista.<\/p>\n<p style=\"text-align: center;\"><a href=\"https:\/\/www.futboltotal.com.mx\/futbol-mexicano\/liga-mx\/los-jugadores-mexicanos-cruz-azul-supo-aprovechar\/2018\/02\">VER M\u00c1S: Los jugadores mexicanos que Cruz Azul no supo aprovechar<\/a><\/p>\n<p>Ante un segundo de espera, Pel\u00e1ez contundentemente respondi\u00f3: <mark>&#8220;Eres un est\u00fapido&#8221;,<\/mark> ante una reacci\u00f3n imp\u00e1vida de Faitelson, mientras su compa\u00f1ero de panel Rafael Puente intentaba mandar a un corte comercial para bajar la calentura de ambos comentaristas.<\/p>\n<p>El argumento principal de Faitelson es que solo dijo una hip\u00f3tesis deportiva al respecto de su salida, pero Pel\u00e1ez le exig\u00eda pruebas; para finalizar el segmento, David coment\u00f3<mark> &#8220;Aqu\u00ed no est\u00e1s en Televisa&#8221;<\/mark>.<\/p>\n<p><iframe loading=\"lazy\" src=\"https:\/\/www.youtube.com\/embed\/nx2KC9pVtE0\" frameborder=\"0\" allowfullscreen=\"allowfullscreen\"><\/iframe><\/p>\n<p style=\"text-align: center;\"><a href=\"https:\/\/www.futboltotal.com.mx\/futbol-internacional\/angel-di-maria-los-memes-lo-llevaron-a-terapia\/2018\/02\">VER M\u00c1S: \u00c1ngel Di Mar\u00eda, los memes lo llevaron a terapia<\/a><\/p>\n","protected":false},"excerpt":{"rendered":"<p>Se calentaron los \u00e1nimos de ambos comentaristas en pleno programa de televisi\u00f3n<\/p>\n","protected":false},"author":159,"featured_media":517116,"comment_status":"closed","ping_status":"closed","sticky":false,"template":"","format":"standard","meta":[],"categories":[2198,3845],"tags":[5959,6501,64,255,349],"_links":{"self":[{"href":"http:\/\/desarrollo.grupomedios.com\/futbol\/wp-json\/wp\/v2\/posts\/517115"}],"collection":[{"href":"http:\/\/desarrollo.grupomedios.com\/futbol\/wp-json\/wp\/v2\/posts"}],"about":[{"href":"http:\/\/desarrollo.grupomedios.com\/futbol\/wp-json\/wp\/v2\/types\/post"}],"author":[{"embeddable":true,"href":"http:\/\/desarrollo.grupomedios.com\/futbol\/wp-json\/wp\/v2\/users\/159"}],"replies":[{"embeddable":true,"href":"http:\/\/desarrollo.grupomedios.com\/futbol\/wp-json\/wp\/v2\/comments?post=517115"}],"version-history":[{"count":1,"href":"http:\/\/desarrollo.grupomedios.com\/futbol\/wp-json\/wp\/v2\/posts\/517115\/revisions"}],"predecessor-version":[{"id":517117,"href":"http:\/\/desarrollo.grupomedios.com\/futbol\/wp-json\/wp\/v2\/posts\/517115\/revisions\/517117"}],"wp:featuredmedia":[{"embeddable":true,"href":"http:\/\/desarrollo.grupomedios.com\/futbol\/wp-json\/wp\/v2\/media\/517116"}],"wp:attachment":[{"href":"http:\/\/desarrollo.grupomedios.com\/futbol\/wp-json\/wp\/v2\/media?parent=517115"}],"wp:term":[{"taxonomy":"category","embeddable":true,"href":"http:\/\/desarrollo.grupomedios.com\/futbol\/wp-json\/wp\/v2\/categories?post=517115"},{"taxonomy":"post_tag","embeddable":true,"href":"http:\/\/desarrollo.grupomedios.com\/futbol\/wp-json\/wp\/v2\/tags?post=517115"}],"curies":[{"name":"wp","href":"https:\/\/api.w.org\/{rel}","templated":true}]}}