{"id":517136,"date":"2018-02-08T21:08:31","date_gmt":"2018-02-09T03:08:31","guid":{"rendered":"https:\/\/www.futboltotal.com.mx\/?p=517136"},"modified":"2018-02-09T23:01:10","modified_gmt":"2018-02-10T05:01:10","slug":"xolos-vs-queretaro-clausura-2018-en-vivo-minuto-a-minuto","status":"publish","type":"post","link":"http:\/\/desarrollo.grupomedios.com\/futbol\/futbol-mexicano\/xolos-vs-queretaro-clausura-2018-en-vivo-minuto-a-minuto\/2018\/02","title":{"rendered":"Xolos vs Quer\u00e9taro | Clausura 2018 | EN VIVO: Minuto a minuto"},"content":{"rendered":"<p>Los <strong>Xolos de Tijuana<\/strong> reciben la visita de los <strong>Gallos Blancos de Quer\u00e9taro<\/strong> en el cierre de la jornada de viernes de la fecha 6 del Torneo Clausura 2018 de la Liga MX.<\/p>\n<iframe src=\"https:\/\/en-vivo.futboltotal.com.mx\/embed.php\/?id=561\" width=\"100%\" id=\"frame_minuto\"><\/iframe>\n<p>Los fronterizos se han mostrado fuertes en casa y buscar\u00e1n frente a los queretanos una nueva victoria que los ponga en los primeros lugares del certamen.<\/p>\n<p>Gallos Blancos no ha mostrado su mejor versi\u00f3n y con Luis Fernando Tena no levantan, situaci\u00f3n que podr\u00eda ponerse m\u00e1s complicada si Quer\u00e9taro no empieza a sumar puntos en su lucha por permanecer en la Primera Divisi\u00f3n del futbol mexicano.<\/p>\n<p><strong>\u00a1NO TE PIERDAS EL MINUTO A MINUTO DEL XOLOS CONTRA QUER\u00c9TARO EN PUNTO DE LAS 21:00 HORAS!<\/strong><\/p>\n","protected":false},"excerpt":{"rendered":"<p>Tijuana quiere mantener el invicto en el estadio Caliente<\/p>\n","protected":false},"author":160,"featured_media":517137,"comment_status":"closed","ping_status":"closed","sticky":false,"template":"","format":"standard","meta":[],"categories":[2198,3845],"tags":[9028,2790,64,5970,1673],"_links":{"self":[{"href":"http:\/\/desarrollo.grupomedios.com\/futbol\/wp-json\/wp\/v2\/posts\/517136"}],"collection":[{"href":"http:\/\/desarrollo.grupomedios.com\/futbol\/wp-json\/wp\/v2\/posts"}],"about":[{"href":"http:\/\/desarrollo.grupomedios.com\/futbol\/wp-json\/wp\/v2\/types\/post"}],"author":[{"embeddable":true,"href":"http:\/\/desarrollo.grupomedios.com\/futbol\/wp-json\/wp\/v2\/users\/160"}],"replies":[{"embeddable":true,"href":"http:\/\/desarrollo.grupomedios.com\/futbol\/wp-json\/wp\/v2\/comments?post=517136"}],"version-history":[{"count":2,"href":"http:\/\/desarrollo.grupomedios.com\/futbol\/wp-json\/wp\/v2\/posts\/517136\/revisions"}],"predecessor-version":[{"id":517139,"href":"http:\/\/desarrollo.grupomedios.com\/futbol\/wp-json\/wp\/v2\/posts\/517136\/revisions\/517139"}],"wp:featuredmedia":[{"embeddable":true,"href":"http:\/\/desarrollo.grupomedios.com\/futbol\/wp-json\/wp\/v2\/media\/517137"}],"wp:attachment":[{"href":"http:\/\/desarrollo.grupomedios.com\/futbol\/wp-json\/wp\/v2\/media?parent=517136"}],"wp:term":[{"taxonomy":"category","embeddable":true,"href":"http:\/\/desarrollo.grupomedios.com\/futbol\/wp-json\/wp\/v2\/categories?post=517136"},{"taxonomy":"post_tag","embeddable":true,"href":"http:\/\/desarrollo.grupomedios.com\/futbol\/wp-json\/wp\/v2\/tags?post=517136"}],"curies":[{"name":"wp","href":"https:\/\/api.w.org\/{rel}","templated":true}]}}