{"id":517143,"date":"2018-02-09T15:47:19","date_gmt":"2018-02-09T21:47:19","guid":{"rendered":"https:\/\/www.futboltotal.com.mx\/?p=517143"},"modified":"2018-02-10T19:53:33","modified_gmt":"2018-02-11T01:53:33","slug":"cruz-azul-vs-necaxa-clausura-2018-en-vivo-minuto-a-minuto","status":"publish","type":"post","link":"http:\/\/desarrollo.grupomedios.com\/futbol\/futbol-mexicano\/cruz-azul-vs-necaxa-clausura-2018-en-vivo-minuto-a-minuto\/2018\/02","title":{"rendered":"Cruz Azul vs Necaxa | Clausura 2018 | EN VIVO: Minuto a minuto"},"content":{"rendered":"<p>La <strong>M\u00e1quina Celeste de Cruz Azul<\/strong> recibe la visita de los <strong>Rayos del Necaxa<\/strong> en duelo de la Jornada 6 del Torneo Clausura 2018 de la Liga MX.<\/p>\n<iframe src=\"https:\/\/en-vivo.futboltotal.com.mx\/embed.php\/?id=563\" width=\"100%\" id=\"frame_minuto\"><\/iframe>\n<p>Una m\u00e1quina que est\u00e1 totalmente falta de aceite es la que tiene Pedro Caixinha, con quien ya vieron su primera derrota del torneo cuando cayeron el pasado viernes frente a los Rojinegros del Atlas (2-1).<\/p>\n<p>Muchas bajas podr\u00eda tener el cuadro cementero entre los suspendidos y una peque\u00f1a epidemia que se vivi\u00f3 en Cruz Azul que por enfermedad quiz\u00e1 pierda a algunos futbolistas.<\/p>\n<p>Los hidrorrayos se meten al estadio Azul como uno de los equipos que mejor juegan de visita, y en la Ciudad de M\u00e9xico tratar\u00e1n de darle a su vieja afici\u00f3n capitalina una gran alegr\u00eda.<\/p>\n<p><strong>\u00a1NO TE PIERDAS EL MINUTO A MINUTO DEL CRUZ AZUL CONTRA NECAXA EN PUNTO DE LAS 17:00 HORAS!<\/strong><\/p>\n","protected":false},"excerpt":{"rendered":"<p>La M\u00e1quina va por su primera victoria en el estadio Azul<\/p>\n","protected":false},"author":160,"featured_media":517144,"comment_status":"closed","ping_status":"closed","sticky":false,"template":"","format":"standard","meta":[],"categories":[2198,3845],"tags":[9028,5962,2790,64,261],"_links":{"self":[{"href":"http:\/\/desarrollo.grupomedios.com\/futbol\/wp-json\/wp\/v2\/posts\/517143"}],"collection":[{"href":"http:\/\/desarrollo.grupomedios.com\/futbol\/wp-json\/wp\/v2\/posts"}],"about":[{"href":"http:\/\/desarrollo.grupomedios.com\/futbol\/wp-json\/wp\/v2\/types\/post"}],"author":[{"embeddable":true,"href":"http:\/\/desarrollo.grupomedios.com\/futbol\/wp-json\/wp\/v2\/users\/160"}],"replies":[{"embeddable":true,"href":"http:\/\/desarrollo.grupomedios.com\/futbol\/wp-json\/wp\/v2\/comments?post=517143"}],"version-history":[{"count":1,"href":"http:\/\/desarrollo.grupomedios.com\/futbol\/wp-json\/wp\/v2\/posts\/517143\/revisions"}],"predecessor-version":[{"id":517145,"href":"http:\/\/desarrollo.grupomedios.com\/futbol\/wp-json\/wp\/v2\/posts\/517143\/revisions\/517145"}],"wp:featuredmedia":[{"embeddable":true,"href":"http:\/\/desarrollo.grupomedios.com\/futbol\/wp-json\/wp\/v2\/media\/517144"}],"wp:attachment":[{"href":"http:\/\/desarrollo.grupomedios.com\/futbol\/wp-json\/wp\/v2\/media?parent=517143"}],"wp:term":[{"taxonomy":"category","embeddable":true,"href":"http:\/\/desarrollo.grupomedios.com\/futbol\/wp-json\/wp\/v2\/categories?post=517143"},{"taxonomy":"post_tag","embeddable":true,"href":"http:\/\/desarrollo.grupomedios.com\/futbol\/wp-json\/wp\/v2\/tags?post=517143"}],"curies":[{"name":"wp","href":"https:\/\/api.w.org\/{rel}","templated":true}]}}