{"id":517150,"date":"2018-02-09T19:47:59","date_gmt":"2018-02-10T01:47:59","guid":{"rendered":"https:\/\/www.futboltotal.com.mx\/?p=517150"},"modified":"2018-02-10T21:03:48","modified_gmt":"2018-02-11T03:03:48","slug":"leon-vs-puebla-clausura-2018-en-vivo-minuto-a-minuto","status":"publish","type":"post","link":"http:\/\/desarrollo.grupomedios.com\/futbol\/futbol-mexicano\/leon-vs-puebla-clausura-2018-en-vivo-minuto-a-minuto\/2018\/02","title":{"rendered":"Le\u00f3n vs Puebla | Clausura 2018 | EN VIVO: Minuto a minuto"},"content":{"rendered":"<p>Los <strong>Esmeraldas de Le\u00f3n<\/strong> reciben la visita de la <strong>Franja del Puebla<\/strong> en duelo de la Jornada 6 del Torneo Clausura 2018 de la Liga MX.<\/p>\n<iframe src=\"https:\/\/en-vivo.futboltotal.com.mx\/embed.php\/?id=565\" width=\"100%\" id=\"frame_minuto\"><\/iframe>\n<p>El Le\u00f3n vive una etapa muy dif\u00edcil dentro del certamen mexicano, en el cual no ha ganado desde la jornada 2, y adem\u00e1s ha sumado nueve goles en contra en los \u00faltimos dos partidos.<\/p>\n<p>La Franja vive un buen momento dentro del Clausura 2018, donde al momento se encuentra dentro de los primeros ocho de la tabla general.<\/p>\n<p><strong>\u00a1NO TE PIERDAS EL MINUTO A MINUTO DEL LE\u00d3N CONTRA PUEBLA EN PUNTO DE LAS 19:06 HORAS!<\/strong><\/p>\n","protected":false},"excerpt":{"rendered":"<p>La Fiera, a retomar el camino dentro del Torneo Clausura 2018<\/p>\n","protected":false},"author":160,"featured_media":517151,"comment_status":"closed","ping_status":"closed","sticky":false,"template":"","format":"standard","meta":[],"categories":[2198,3845],"tags":[9028,2790,5965,5969],"_links":{"self":[{"href":"http:\/\/desarrollo.grupomedios.com\/futbol\/wp-json\/wp\/v2\/posts\/517150"}],"collection":[{"href":"http:\/\/desarrollo.grupomedios.com\/futbol\/wp-json\/wp\/v2\/posts"}],"about":[{"href":"http:\/\/desarrollo.grupomedios.com\/futbol\/wp-json\/wp\/v2\/types\/post"}],"author":[{"embeddable":true,"href":"http:\/\/desarrollo.grupomedios.com\/futbol\/wp-json\/wp\/v2\/users\/160"}],"replies":[{"embeddable":true,"href":"http:\/\/desarrollo.grupomedios.com\/futbol\/wp-json\/wp\/v2\/comments?post=517150"}],"version-history":[{"count":1,"href":"http:\/\/desarrollo.grupomedios.com\/futbol\/wp-json\/wp\/v2\/posts\/517150\/revisions"}],"predecessor-version":[{"id":517152,"href":"http:\/\/desarrollo.grupomedios.com\/futbol\/wp-json\/wp\/v2\/posts\/517150\/revisions\/517152"}],"wp:featuredmedia":[{"embeddable":true,"href":"http:\/\/desarrollo.grupomedios.com\/futbol\/wp-json\/wp\/v2\/media\/517151"}],"wp:attachment":[{"href":"http:\/\/desarrollo.grupomedios.com\/futbol\/wp-json\/wp\/v2\/media?parent=517150"}],"wp:term":[{"taxonomy":"category","embeddable":true,"href":"http:\/\/desarrollo.grupomedios.com\/futbol\/wp-json\/wp\/v2\/categories?post=517150"},{"taxonomy":"post_tag","embeddable":true,"href":"http:\/\/desarrollo.grupomedios.com\/futbol\/wp-json\/wp\/v2\/tags?post=517150"}],"curies":[{"name":"wp","href":"https:\/\/api.w.org\/{rel}","templated":true}]}}