{"id":517153,"date":"2018-02-09T21:20:42","date_gmt":"2018-02-10T03:20:42","guid":{"rendered":"https:\/\/www.futboltotal.com.mx\/?p=517153"},"modified":"2018-02-10T23:09:30","modified_gmt":"2018-02-11T05:09:30","slug":"chivas-vs-santos-clausura-2018-en-vivo-minuto-a-minuto","status":"publish","type":"post","link":"http:\/\/desarrollo.grupomedios.com\/futbol\/futbol-mexicano\/chivas-vs-santos-clausura-2018-en-vivo-minuto-a-minuto\/2018\/02","title":{"rendered":"Chivas vs Santos | Clausura 2018 | EN VIVO: Minuto a minuto"},"content":{"rendered":"<p>Las <strong>Chivas Rayadas del Guadalajara<\/strong> reciben la visita de <strong>Santos Laguna<\/strong> en el duelo que cierra la jornada sabatina de la fecha 6 del Torneo Clausura 2018 de la Liga MX.<\/p>\n<iframe src=\"https:\/\/en-vivo.futboltotal.com.mx\/embed.php\/?id=566\" width=\"100%\" id=\"frame_minuto\"><\/iframe>\n<p>Los rojiblancos viven tiempos dif\u00edciles de la mano de Mat\u00edas Almeyda, quien estar\u00eda pensando seriamente en darle una nueva oportunidad a Oswaldo Alan\u00eds en la zaga central como titular.<\/p>\n<p>El Reba\u00f1o tiene par de derrotas en el estadio Akron (1-3 ante Cruz Azul y 1-2 con Monterrey), y le urge sacar la victoria frente a Santos.<\/p>\n<p>Los laguneros no han sido tan consistentes, pero llevan tres jornadas sin conocer la derrota y buscar\u00e1n asestarle un golpe m\u00e1s a la frente de las Chivas.<\/p>\n<p><strong>\u00a1NO TE PIERDAS EL MINUTO A MINUTO DEL CHIVAS CONTRA SANTOS EN PUNTO DE LAS 21:06 HORAS!<\/strong><\/p>\n","protected":false},"excerpt":{"rendered":"<p>El Reba\u00f1o, por su primera victoria en casa<\/p>\n","protected":false},"author":160,"featured_media":517154,"comment_status":"closed","ping_status":"closed","sticky":false,"template":"","format":"standard","meta":[],"categories":[2198,3845],"tags":[70,9028,2790,5972],"_links":{"self":[{"href":"http:\/\/desarrollo.grupomedios.com\/futbol\/wp-json\/wp\/v2\/posts\/517153"}],"collection":[{"href":"http:\/\/desarrollo.grupomedios.com\/futbol\/wp-json\/wp\/v2\/posts"}],"about":[{"href":"http:\/\/desarrollo.grupomedios.com\/futbol\/wp-json\/wp\/v2\/types\/post"}],"author":[{"embeddable":true,"href":"http:\/\/desarrollo.grupomedios.com\/futbol\/wp-json\/wp\/v2\/users\/160"}],"replies":[{"embeddable":true,"href":"http:\/\/desarrollo.grupomedios.com\/futbol\/wp-json\/wp\/v2\/comments?post=517153"}],"version-history":[{"count":1,"href":"http:\/\/desarrollo.grupomedios.com\/futbol\/wp-json\/wp\/v2\/posts\/517153\/revisions"}],"predecessor-version":[{"id":517156,"href":"http:\/\/desarrollo.grupomedios.com\/futbol\/wp-json\/wp\/v2\/posts\/517153\/revisions\/517156"}],"wp:featuredmedia":[{"embeddable":true,"href":"http:\/\/desarrollo.grupomedios.com\/futbol\/wp-json\/wp\/v2\/media\/517154"}],"wp:attachment":[{"href":"http:\/\/desarrollo.grupomedios.com\/futbol\/wp-json\/wp\/v2\/media?parent=517153"}],"wp:term":[{"taxonomy":"category","embeddable":true,"href":"http:\/\/desarrollo.grupomedios.com\/futbol\/wp-json\/wp\/v2\/categories?post=517153"},{"taxonomy":"post_tag","embeddable":true,"href":"http:\/\/desarrollo.grupomedios.com\/futbol\/wp-json\/wp\/v2\/tags?post=517153"}],"curies":[{"name":"wp","href":"https:\/\/api.w.org\/{rel}","templated":true}]}}