{"id":517178,"date":"2018-02-09T19:28:00","date_gmt":"2018-02-10T01:28:00","guid":{"rendered":"https:\/\/www.futboltotal.com.mx\/?p=517178"},"modified":"2018-02-09T19:28:00","modified_gmt":"2018-02-10T01:28:00","slug":"ascenso-mx-se-prepara-la-guerra-contra-la-fmf-liga-mx","status":"publish","type":"post","link":"http:\/\/desarrollo.grupomedios.com\/futbol\/futbol-mexicano\/ascenso-mx-se-prepara-la-guerra-contra-la-fmf-liga-mx\/2018\/02","title":{"rendered":"El Ascenso MX se prepara para la guerra contra la FMF y Liga MX"},"content":{"rendered":"<p>La guerra entre el <strong>Ascenso MX<\/strong> contra la Federaci\u00f3n Mexicana de Futbol y la <strong>Liga MX<\/strong> ha comenzado.<\/p>\n<p>El <strong>Comit\u00e9 de Desarrollo Deportivo<\/strong> habr\u00eda planteado el pasado martes la posibilidad de abolir el descenso por los pr\u00f3ximos cuatro a\u00f1os, con base en estad\u00edsticas que guarda la mesa directiva, que no ven como positiva la llegada de los \u00faltimos equipos que han ascendido.<\/p>\n<p>Esta situaci\u00f3n ha generado todo tipo de pol\u00e9micas y reacciones. Directivos, jugadores, la Asociaci\u00f3n de Futbolistas Mexicanos son s\u00f3lo algunos de los que han hablado tras las palabras que diera <strong>Enrique Bonilla, presidente de la Liga MX<\/strong>.<\/p>\n<p style=\"text-align: center;\"><span style=\"color: #333399;\"><a href=\"https:\/\/www.futboltotal.com.mx\/destacado-home\/la-ex-figura-xolos-gallos-esta-en-olvido-tras-terrible-lesion\/2018\/02\">VER M\u00c1S:\u00a0<span class=\"item-title\">La ex figura de Xolos y Gallos que est\u00e1 en el olvido tras su terrible lesi\u00f3n<\/span><\/a><\/span><\/p>\n<p><mark>La realidad es que en el Ascenso MX se han creado dos grupos de poder que van a pelear porque se quede o se elimine la posibilidad de que un equipo de esta competici\u00f3n pueda acceder al M\u00e1ximo Circuito.<\/mark><\/p>\n<p>Por un lado, existe un grupo de ocho equipos que est\u00e1n totalmente claros en que no se debe quitar el hecho de que un club del Ascenso MX llegue a la Liga MX: <strong>Bravos de Ciudad Ju\u00e1rez, Mineros de Zacatecas, Leones Negros de U. de G., Correcaminos, Celaya, Venados de M\u00e9rida, Alebrijes de Oaxaca y el Atl\u00e9tico San Luis<\/strong>, equipo apoyado totalmente por la directiva del Atl\u00e9tico de Madrid.<\/p>\n<p>Mientras que por el otro lado, est\u00e1n los que si coinciden con el Comit\u00e9 en que debe de evitarse por algunos a\u00f1os el hecho de que un club ascienda a Primera: <strong>los Potros de Hierro del Atlante, Dorados de Sinaloa, Potros de la UAEM, Tampico Madero y el Zacatepec<\/strong>.<\/p>\n<p style=\"text-align: center;\"><span style=\"color: #333399;\"><a href=\"https:\/\/www.futboltotal.com.mx\/destacado-home\/8-jugadores-liga-mx-creeras-tuvieron-paso-europa\/2018\/02\">VER M\u00c1S:\u00a0<span class=\"item-title\">8 jugadores de Liga MX que no creer\u00e1s tuvieron un paso por Europa<\/span><\/a><\/span><\/p>\n<p><strong>Cimarrones de Sonora, Murcielagos de Los Mochis y Cafetaleros de Tapachula<\/strong> a\u00fan no han dado su postura al respecto.<\/p>\n<p>Varios ya dieron algunas palabras sobre la reuni\u00f3n que sostendr\u00e1n todos los directivos del Ascenso MX el pr\u00f3ximo <strong>lunes 12 de febrero<\/strong> con el Comit\u00e9 de Desarrollo Deportivo de la Liga MX.<\/p>\n","protected":false},"excerpt":{"rendered":"<p>El tema del no posible ascenso en los pr\u00f3ximos a\u00f1os est\u00e1 que arde<\/p>\n","protected":false},"author":160,"featured_media":517179,"comment_status":"closed","ping_status":"closed","sticky":false,"template":"","format":"standard","meta":[],"categories":[3843,2198,3845],"tags":[432,2098,223,64],"_links":{"self":[{"href":"http:\/\/desarrollo.grupomedios.com\/futbol\/wp-json\/wp\/v2\/posts\/517178"}],"collection":[{"href":"http:\/\/desarrollo.grupomedios.com\/futbol\/wp-json\/wp\/v2\/posts"}],"about":[{"href":"http:\/\/desarrollo.grupomedios.com\/futbol\/wp-json\/wp\/v2\/types\/post"}],"author":[{"embeddable":true,"href":"http:\/\/desarrollo.grupomedios.com\/futbol\/wp-json\/wp\/v2\/users\/160"}],"replies":[{"embeddable":true,"href":"http:\/\/desarrollo.grupomedios.com\/futbol\/wp-json\/wp\/v2\/comments?post=517178"}],"version-history":[{"count":1,"href":"http:\/\/desarrollo.grupomedios.com\/futbol\/wp-json\/wp\/v2\/posts\/517178\/revisions"}],"predecessor-version":[{"id":517180,"href":"http:\/\/desarrollo.grupomedios.com\/futbol\/wp-json\/wp\/v2\/posts\/517178\/revisions\/517180"}],"wp:featuredmedia":[{"embeddable":true,"href":"http:\/\/desarrollo.grupomedios.com\/futbol\/wp-json\/wp\/v2\/media\/517179"}],"wp:attachment":[{"href":"http:\/\/desarrollo.grupomedios.com\/futbol\/wp-json\/wp\/v2\/media?parent=517178"}],"wp:term":[{"taxonomy":"category","embeddable":true,"href":"http:\/\/desarrollo.grupomedios.com\/futbol\/wp-json\/wp\/v2\/categories?post=517178"},{"taxonomy":"post_tag","embeddable":true,"href":"http:\/\/desarrollo.grupomedios.com\/futbol\/wp-json\/wp\/v2\/tags?post=517178"}],"curies":[{"name":"wp","href":"https:\/\/api.w.org\/{rel}","templated":true}]}}