{"id":517191,"date":"2018-02-09T22:58:20","date_gmt":"2018-02-10T04:58:20","guid":{"rendered":"https:\/\/www.futboltotal.com.mx\/?p=517191"},"modified":"2018-02-09T22:58:20","modified_gmt":"2018-02-10T04:58:20","slug":"xolos-0-queretaro-2-clausura-2018-resumen","status":"publish","type":"post","link":"http:\/\/desarrollo.grupomedios.com\/futbol\/destacado-home\/xolos-0-queretaro-2-clausura-2018-resumen\/2018\/02","title":{"rendered":"Edson Puch le devuelve la vida a Quer\u00e9taro en Tijuana"},"content":{"rendered":"<p>Los <strong>Gallos Blancos de Quer\u00e9taro<\/strong> lograron un triunfo de la mano del chileno <strong>Edson Puch<\/strong>, quien luci\u00f3 como aquel delantero dominante del Necaxa y encabez\u00f3 el triunfo de su equipo en <strong>Tijuana<\/strong>.<\/p>\n<p>Los Xolos hab\u00edan sido mejores durante gran parte del partido, pero tampoco hab\u00edan mostrado tanta peligrosidad en el arco.<\/p>\n<p>Un error de la zaga fronteriza abri\u00f3 el camino para que Edson Puch robara un bal\u00f3n en campo de los Xolos, y un cruce equivocado en el \u00e1rea de <strong>Pablo Aguilar<\/strong> termin\u00f3 en la expulsi\u00f3n del zaguero central y en el cobro correcto del chileno para poner al minuto 67 el 0-1 en el marcador.<\/p>\n<blockquote class=\"twitter-tweet\" data-partner=\"tweetdeck\">\n<p dir=\"ltr\" lang=\"ht\"><a href=\"https:\/\/twitter.com\/hashtag\/NoTeLoPierdas?src=hash&amp;ref_src=twsrc%5Etfw\">#NoTeLoPierdas<\/a><br \/>\nG\u26bd\u26bd\u26bdL de Edson Puch<a href=\"https:\/\/twitter.com\/Xolos?ref_src=twsrc%5Etfw\">@Xolos<\/a> 0-1 <a href=\"https:\/\/twitter.com\/Club_Queretaro?ref_src=twsrc%5Etfw\">@Club_Queretaro<\/a>\u00a0<a href=\"https:\/\/twitter.com\/hashtag\/Jornada6?src=hash&amp;ref_src=twsrc%5Etfw\">#Jornada6<\/a> <a href=\"https:\/\/twitter.com\/hashtag\/Clausura2018?src=hash&amp;ref_src=twsrc%5Etfw\">#Clausura2018<\/a> <a href=\"https:\/\/twitter.com\/hashtag\/LIGABancomerMX?src=hash&amp;ref_src=twsrc%5Etfw\">#LIGABancomerMX<\/a><br \/>\n\u26bd <a href=\"https:\/\/twitter.com\/hashtag\/SienteTuLiga?src=hash&amp;ref_src=twsrc%5Etfw\">#SienteTuLiga<\/a> \u26bd <a href=\"https:\/\/twitter.com\/hashtag\/CreandoOportunidades?src=hash&amp;ref_src=twsrc%5Etfw\">#CreandoOportunidades<\/a> <a href=\"https:\/\/twitter.com\/hashtag\/PorLaEducaci%C3%B3n?src=hash&amp;ref_src=twsrc%5Etfw\">#PorLaEducaci\u00f3n<\/a> <a href=\"https:\/\/twitter.com\/hashtag\/AbrazadosPorElFutbol?src=hash&amp;ref_src=twsrc%5Etfw\">#AbrazadosPorElFutbol<\/a> <a href=\"https:\/\/t.co\/ERUVhetfQm\">pic.twitter.com\/ERUVhetfQm<\/a><\/p>\n<p>\u2014 LIGA Bancomer MX (@LIGABancomerMX) <a href=\"https:\/\/twitter.com\/LIGABancomerMX\/status\/962182692250021888?ref_src=twsrc%5Etfw\">February 10, 2018<\/a><\/p><\/blockquote>\n<p><script async src=\"https:\/\/platform.twitter.com\/widgets.js\" charset=\"utf-8\"><\/script><\/p>\n<p>Tijuana no se recuperaba del gol en contra, cuando <strong>Yerson Candelo<\/strong> aprovech\u00f3 un despiste para filtrar el esf\u00e9rico y Puch tom\u00f3 de media vuelta para colocar al 71 el 0-2 lapidario para los fronterizos.<\/p>\n<blockquote class=\"twitter-tweet\" data-partner=\"tweetdeck\">\n<p dir=\"ltr\" lang=\"ht\"><a href=\"https:\/\/twitter.com\/hashtag\/NoTeLoPierdas?src=hash&amp;ref_src=twsrc%5Etfw\">#NoTeLoPierdas<\/a><br \/>\n2do G\u26bd\u26bd\u26bdL de Edson Puch<a href=\"https:\/\/twitter.com\/Xolos?ref_src=twsrc%5Etfw\">@Xolos<\/a> 0-2 <a href=\"https:\/\/twitter.com\/Club_Queretaro?ref_src=twsrc%5Etfw\">@Club_Queretaro<\/a>\u00a0<a href=\"https:\/\/twitter.com\/hashtag\/Jornada6?src=hash&amp;ref_src=twsrc%5Etfw\">#Jornada6<\/a> <a href=\"https:\/\/twitter.com\/hashtag\/Clausura2018?src=hash&amp;ref_src=twsrc%5Etfw\">#Clausura2018<\/a> <a href=\"https:\/\/twitter.com\/hashtag\/LIGABancomerMX?src=hash&amp;ref_src=twsrc%5Etfw\">#LIGABancomerMX<\/a><br \/>\n\u26bd <a href=\"https:\/\/twitter.com\/hashtag\/SienteTuLiga?src=hash&amp;ref_src=twsrc%5Etfw\">#SienteTuLiga<\/a> \u26bd <a href=\"https:\/\/twitter.com\/hashtag\/CreandoOportunidades?src=hash&amp;ref_src=twsrc%5Etfw\">#CreandoOportunidades<\/a> <a href=\"https:\/\/twitter.com\/hashtag\/PorLaEducaci%C3%B3n?src=hash&amp;ref_src=twsrc%5Etfw\">#PorLaEducaci\u00f3n<\/a> <a href=\"https:\/\/twitter.com\/hashtag\/AbrazadosPorElFutbol?src=hash&amp;ref_src=twsrc%5Etfw\">#AbrazadosPorElFutbol<\/a> <a href=\"https:\/\/t.co\/g1hk5f8ndj\">pic.twitter.com\/g1hk5f8ndj<\/a><\/p>\n<p>\u2014 LIGA Bancomer MX (@LIGABancomerMX) <a href=\"https:\/\/twitter.com\/LIGABancomerMX\/status\/962183781087088640?ref_src=twsrc%5Etfw\">February 10, 2018<\/a><\/p><\/blockquote>\n<p><script async src=\"https:\/\/platform.twitter.com\/widgets.js\" charset=\"utf-8\"><\/script><br \/>\nLos Xolos perdieron la imbatibilidad en el Torneo Clausura 2018, pero dejaron el r\u00e9cord de m\u00e1s minutos sin permitir un gol desde el inicio del torneo con <strong>516 minutos para Gibran Lajud<\/strong>, rebasando el r\u00e9cord de <strong>Jos\u00e9 de J\u00e9sus Corona de Cruz Azul<\/strong> que lo ten\u00eda con 477 minutos.<\/p>\n","protected":false},"excerpt":{"rendered":"<p>El ariete chileno consigui\u00f3 el doblete con los Gallos Blancos<\/p>\n","protected":false},"author":160,"featured_media":517192,"comment_status":"closed","ping_status":"closed","sticky":false,"template":"","format":"standard","meta":[],"categories":[5,2198,3845],"tags":[9028,64,5970,5974],"_links":{"self":[{"href":"http:\/\/desarrollo.grupomedios.com\/futbol\/wp-json\/wp\/v2\/posts\/517191"}],"collection":[{"href":"http:\/\/desarrollo.grupomedios.com\/futbol\/wp-json\/wp\/v2\/posts"}],"about":[{"href":"http:\/\/desarrollo.grupomedios.com\/futbol\/wp-json\/wp\/v2\/types\/post"}],"author":[{"embeddable":true,"href":"http:\/\/desarrollo.grupomedios.com\/futbol\/wp-json\/wp\/v2\/users\/160"}],"replies":[{"embeddable":true,"href":"http:\/\/desarrollo.grupomedios.com\/futbol\/wp-json\/wp\/v2\/comments?post=517191"}],"version-history":[{"count":1,"href":"http:\/\/desarrollo.grupomedios.com\/futbol\/wp-json\/wp\/v2\/posts\/517191\/revisions"}],"predecessor-version":[{"id":517193,"href":"http:\/\/desarrollo.grupomedios.com\/futbol\/wp-json\/wp\/v2\/posts\/517191\/revisions\/517193"}],"wp:featuredmedia":[{"embeddable":true,"href":"http:\/\/desarrollo.grupomedios.com\/futbol\/wp-json\/wp\/v2\/media\/517192"}],"wp:attachment":[{"href":"http:\/\/desarrollo.grupomedios.com\/futbol\/wp-json\/wp\/v2\/media?parent=517191"}],"wp:term":[{"taxonomy":"category","embeddable":true,"href":"http:\/\/desarrollo.grupomedios.com\/futbol\/wp-json\/wp\/v2\/categories?post=517191"},{"taxonomy":"post_tag","embeddable":true,"href":"http:\/\/desarrollo.grupomedios.com\/futbol\/wp-json\/wp\/v2\/tags?post=517191"}],"curies":[{"name":"wp","href":"https:\/\/api.w.org\/{rel}","templated":true}]}}