{"id":517214,"date":"2018-02-10T11:55:12","date_gmt":"2018-02-10T17:55:12","guid":{"rendered":"https:\/\/www.futboltotal.com.mx\/?p=517214"},"modified":"2018-02-10T11:55:12","modified_gmt":"2018-02-10T17:55:12","slug":"charlyn-corral-anota-golazo-premio-puskas","status":"publish","type":"post","link":"http:\/\/desarrollo.grupomedios.com\/futbol\/futbol-internacional\/charlyn-corral-anota-golazo-premio-puskas\/2018\/02","title":{"rendered":"Charlyn Corral anota un golazo, \u00bfPara Premio Puskas?"},"content":{"rendered":"<p>La delantera mexicana, <strong>Charlyn Corral<\/strong> que juega para el <strong>Levante UD Femenino<\/strong> en Espa\u00f1a contin\u00faa dando de que hablar por sus extraordinarias actuaciones y ahora ha hecho una aut\u00e9ntica obra de arte ante el Sevilla por la Jornada 19 de la <strong>Liga Iberdrola<\/strong> cuando su equipo necesitaba de una sacudida importante.<\/p>\n<p style=\"text-align: center;\"><a href=\"https:\/\/www.futboltotal.com.mx\/futbol-mexicano\/liga-mx\/andre-perre-gignac-desea-tramitar-naturalizacion\/2018\/02\" target=\"_blank\" rel=\"noopener\">VER M\u00c1S: Gignac ya desea tramitar su naturalizaci\u00f3n<\/a><\/p>\n<p>Desde el minuto seis las de Sevilla estaban ganando con gol de <strong>Jenifer Morilla<\/strong> y todo parec\u00eda indicar que se iban a llevar el triunfo, pues Levante no lograba crear peligro, pero fue ah\u00ed donde apareci\u00f3 la delantera mexicana quien con un espectacular tiro libre cobrado de forma perfecta con la pierna derecha colg\u00f3 el bal\u00f3n al poste m\u00e1s lejano.<\/p>\n<blockquote class=\"twitter-tweet\" data-lang=\"es\">\n<p dir=\"ltr\" lang=\"es\"> \u00a1\u00a1\u00a1Q-U-\u00c9 G-O-L-A-Z-O!!! <\/p>\n<p>No hay mejor expresi\u00f3n para definir esta maravilla de <a href=\"https:\/\/twitter.com\/CharlynCorral?ref_src=twsrc%5Etfw\">@CharlynCorral<\/a>. <a href=\"https:\/\/twitter.com\/LUDfemenino?ref_src=twsrc%5Etfw\">@LUDfemenino<\/a> \u2764 <a href=\"https:\/\/twitter.com\/hashtag\/LigaIberdrola?src=hash&amp;ref_src=twsrc%5Etfw\">#LigaIberdrola<\/a> <a href=\"https:\/\/t.co\/APtBSj65g2\">pic.twitter.com\/APtBSj65g2<\/a><\/p>\n<p>\u2014 LaLiga (@LaLiga) <a href=\"https:\/\/twitter.com\/LaLiga\/status\/962298409368498182?ref_src=twsrc%5Etfw\">10 de febrero de 2018<\/a><\/p><\/blockquote>\n<p><script async src=\"https:\/\/platform.twitter.com\/widgets.js\" charset=\"utf-8\"><\/script><\/p>\n<p>La delantera mexicana contin\u00faa mostrando su capacidad pues esta temporada tiene<strong> 15 goles<\/strong> y <strong>se mantiene como la l\u00edder de goleo en el certamen<\/strong>; su equipo se encuentra en s\u00e9ptimo lugar con 26 puntos, pero sin duda la &#8217;10&#8217; azteca no solo se ha convertido en una estrella dentro de su club, sino de toda la liga.<\/p>\n<p style=\"text-align: center;\"><a href=\"https:\/\/www.futboltotal.com.mx\/futbol-internacional\/liga-de-inglaterra\/gol-javier-chicharito-henandez-ante-watford\/2018\/02\" target=\"_blank\" rel=\"noopener\">VER M\u00c1S: El gol de Chicharito ante Watford<\/a><\/p>\n<div class=\"entry-content\"><\/div>\n<div class=\"refereebanner refereebanner-post_final refereebanner-futbol-internacional\"><\/div>\n","protected":false},"excerpt":{"rendered":"<p>La mexicana est\u00e1 teniendo una gran temporada, lleva 15 goles y es l\u00edder en ese departamento<\/p>\n","protected":false},"author":159,"featured_media":517215,"comment_status":"closed","ping_status":"closed","sticky":false,"template":"","format":"standard","meta":[],"categories":[3839],"tags":[4008,253,11711,10045],"_links":{"self":[{"href":"http:\/\/desarrollo.grupomedios.com\/futbol\/wp-json\/wp\/v2\/posts\/517214"}],"collection":[{"href":"http:\/\/desarrollo.grupomedios.com\/futbol\/wp-json\/wp\/v2\/posts"}],"about":[{"href":"http:\/\/desarrollo.grupomedios.com\/futbol\/wp-json\/wp\/v2\/types\/post"}],"author":[{"embeddable":true,"href":"http:\/\/desarrollo.grupomedios.com\/futbol\/wp-json\/wp\/v2\/users\/159"}],"replies":[{"embeddable":true,"href":"http:\/\/desarrollo.grupomedios.com\/futbol\/wp-json\/wp\/v2\/comments?post=517214"}],"version-history":[{"count":1,"href":"http:\/\/desarrollo.grupomedios.com\/futbol\/wp-json\/wp\/v2\/posts\/517214\/revisions"}],"predecessor-version":[{"id":517216,"href":"http:\/\/desarrollo.grupomedios.com\/futbol\/wp-json\/wp\/v2\/posts\/517214\/revisions\/517216"}],"wp:featuredmedia":[{"embeddable":true,"href":"http:\/\/desarrollo.grupomedios.com\/futbol\/wp-json\/wp\/v2\/media\/517215"}],"wp:attachment":[{"href":"http:\/\/desarrollo.grupomedios.com\/futbol\/wp-json\/wp\/v2\/media?parent=517214"}],"wp:term":[{"taxonomy":"category","embeddable":true,"href":"http:\/\/desarrollo.grupomedios.com\/futbol\/wp-json\/wp\/v2\/categories?post=517214"},{"taxonomy":"post_tag","embeddable":true,"href":"http:\/\/desarrollo.grupomedios.com\/futbol\/wp-json\/wp\/v2\/tags?post=517214"}],"curies":[{"name":"wp","href":"https:\/\/api.w.org\/{rel}","templated":true}]}}