{"id":517231,"date":"2018-02-10T14:48:03","date_gmt":"2018-02-10T20:48:03","guid":{"rendered":"https:\/\/www.futboltotal.com.mx\/?p=517231"},"modified":"2018-02-10T14:48:03","modified_gmt":"2018-02-10T20:48:03","slug":"11-jugadores-podrian-dejar-al-real-madrid-en-verano","status":"publish","type":"post","link":"http:\/\/desarrollo.grupomedios.com\/futbol\/futbol-internacional\/11-jugadores-podrian-dejar-al-real-madrid-en-verano\/2018\/02","title":{"rendered":"Hasta 11 jugadores podr\u00edan dejar al Real Madrid en verano"},"content":{"rendered":"<p>El<strong> Real Madrid<\/strong> ya se est\u00e1 preparando para vivir un &#8216;loco&#8217; verano, pues la realidad es que muchos cambios se vislumbran dentro de la plantilla que tiene actualmente<strong> Zinedine Zidane<\/strong>, esto a pesar que todav\u00eda no juegan frente al <strong>Paris Saint-Germain en la UEFA Champions League<\/strong>, algo que determinar\u00e1 en gran manera el futuro.<\/p>\n<p>Los rumores se han comenzado a presentar y varios de los diarios de Espa\u00f1a han sido los que lanzan nombres que no estar\u00edan en los planes de los merengues; se sabe que <strong>Florentino P\u00e9rez<\/strong> le quiere dar nueva vida a la plantilla y desea renovar el plantel con el que cuenta.<\/p>\n<p style=\"text-align: center;\"><a href=\"https:\/\/www.futboltotal.com.mx\/futbol-mexicano\/liga-mx\/7-jugadores-mentira-chivas-quiso-vender\/2018\/02\" target=\"_blank\" rel=\"noopener\">VER M\u00c1S: 7 jugadores &#8216;mentira&#8217; que Chivas quiso vender como joyas<\/a><\/p>\n<p>De acuerdo con EcoDiario, explica que son 11 jugadores los que tienen opciones importantes para cambiar de equipo para el verano de 2018, esto ser\u00edan los siguientes;\u00a0<strong>Kiko Casilla, Keylor Navas, Achraf, Jes\u00fas Vallejo, Marcos Llorente, Isco, Mateo Kovacic, Borja Mayoral, Cristiano Ronaldo, Gareth Bale<\/strong>\u00a0y\u00a0<strong>Karim Benzema<\/strong>.<\/p>\n<p>Los casos de cada jugador son especiales y tienen sus propias aristas, en lo \u00faltimo que se ha comentado, OK Diario indica que Isco no desea cambiar de equipo, aunque ya no sea del agrado del t\u00e9cnico franc\u00e9s, pero lo cierto es que en la Premier League le est\u00e1n rondando varios equipos.<\/p>\n<p style=\"text-align: center;\"><a href=\"https:\/\/www.futboltotal.com.mx\/futbol-internacional\/doble-lionel-messi-vivio-en-1904-las-redes-explotan\/2018\/02\" target=\"_blank\" rel=\"noopener\">VER M\u00c1S: El doble de Lionel Messi que vivi\u00f3 en 1904<\/a><\/p>\n","protected":false},"excerpt":{"rendered":"<p>Los merengues quieren renovar su plantilla de forma importante<\/p>\n","protected":false},"author":159,"featured_media":516806,"comment_status":"closed","ping_status":"closed","sticky":false,"template":"","format":"standard","meta":[],"categories":[3839,3844],"tags":[6013,253,6043,6071,6042,6114,5988],"_links":{"self":[{"href":"http:\/\/desarrollo.grupomedios.com\/futbol\/wp-json\/wp\/v2\/posts\/517231"}],"collection":[{"href":"http:\/\/desarrollo.grupomedios.com\/futbol\/wp-json\/wp\/v2\/posts"}],"about":[{"href":"http:\/\/desarrollo.grupomedios.com\/futbol\/wp-json\/wp\/v2\/types\/post"}],"author":[{"embeddable":true,"href":"http:\/\/desarrollo.grupomedios.com\/futbol\/wp-json\/wp\/v2\/users\/159"}],"replies":[{"embeddable":true,"href":"http:\/\/desarrollo.grupomedios.com\/futbol\/wp-json\/wp\/v2\/comments?post=517231"}],"version-history":[{"count":1,"href":"http:\/\/desarrollo.grupomedios.com\/futbol\/wp-json\/wp\/v2\/posts\/517231\/revisions"}],"predecessor-version":[{"id":517232,"href":"http:\/\/desarrollo.grupomedios.com\/futbol\/wp-json\/wp\/v2\/posts\/517231\/revisions\/517232"}],"wp:featuredmedia":[{"embeddable":true,"href":"http:\/\/desarrollo.grupomedios.com\/futbol\/wp-json\/wp\/v2\/media\/516806"}],"wp:attachment":[{"href":"http:\/\/desarrollo.grupomedios.com\/futbol\/wp-json\/wp\/v2\/media?parent=517231"}],"wp:term":[{"taxonomy":"category","embeddable":true,"href":"http:\/\/desarrollo.grupomedios.com\/futbol\/wp-json\/wp\/v2\/categories?post=517231"},{"taxonomy":"post_tag","embeddable":true,"href":"http:\/\/desarrollo.grupomedios.com\/futbol\/wp-json\/wp\/v2\/tags?post=517231"}],"curies":[{"name":"wp","href":"https:\/\/api.w.org\/{rel}","templated":true}]}}