{"id":517237,"date":"2018-02-10T16:24:25","date_gmt":"2018-02-10T22:24:25","guid":{"rendered":"https:\/\/www.futboltotal.com.mx\/?p=517237"},"modified":"2018-02-10T16:24:25","modified_gmt":"2018-02-10T22:24:25","slug":"hirving-lozano-y-la-lesion-con-psv-que-hace-temblar-a-mexico","status":"publish","type":"post","link":"http:\/\/desarrollo.grupomedios.com\/futbol\/futbol-internacional\/hirving-lozano-y-la-lesion-con-psv-que-hace-temblar-a-mexico\/2018\/02","title":{"rendered":"Hirving Lozano y la lesi\u00f3n con PSV que hace temblar a M\u00e9xico"},"content":{"rendered":"<p>El delantero <strong>Hirving &#8216;Chucky&#8217; Lozano<\/strong> sufri\u00f3 una lesi\u00f3n en la rodilla izquierda, durante el encuentro que disput\u00f3 el <strong>PSV<\/strong> contra el <strong>Sparta Rotterdam<\/strong>.<\/p>\n<p>A\u00fan se desconoce cu\u00e1l fue la gravedad real del golpe, pero el mexicano tuvo que salir de cambio al minuto 35 porque no pudo recuperarse.<\/p>\n<p><iframe loading=\"lazy\" src=\"http:\/\/www.espn.com\/core\/video\/iframe?id=3972150&amp;endcard=false\" frameborder=\"0\" allowfullscreen=\"allowfullscreen\"><\/iframe><\/p>\n<p>El delantero mexicano actualmente es el hombre m\u00e1s enchufado de toda la legi\u00f3n europea, quien con <strong>13 anotaciones<\/strong> se encuentra como l\u00edder de goleo de la <strong>Eredivisie<\/strong>.<\/p>\n<p>Esta situaci\u00f3n pone en predicamentos no s\u00f3lo al PSV sino a la <strong>Selecci\u00f3n Mexicana<\/strong> y a <strong>Juan Carlos Osorio<\/strong>, quien cuenta de forma incondicional con <strong>Hirving Lozano<\/strong> para la pr\u00f3xima Copa del Mundo de Rusia 2018.<\/p>\n<p style=\"text-align: center;\"><span style=\"color: #333399;\"><a href=\"https:\/\/www.futboltotal.com.mx\/destacado-home\/west-ham-united-2-watford-0-premier-league-2018\/2018\/02\">VER M\u00c1S:\u00a0<span class=\"item-title\">Con un Chicharito \u2018On Fire\u2019 West Ham vence al Watford<\/span><\/a><\/span><\/p>\n<p><mark>El futbolista mexicano pudo abandonar el partido por su propio pi\u00e9, pero a\u00fan no se tiene una confirmaci\u00f3n oficial sobre la gravedad de la lesi\u00f3n del &#8216;Chucky&#8217;.<\/mark><\/p>\n<p>El PSV termin\u00f3 sacando el triunfo de visita por 2-1 en la cancha del Sparta Rotterdam.<\/p>\n<p style=\"text-align: center;\"><span style=\"color: #333399;\"><a href=\"https:\/\/www.futboltotal.com.mx\/futbol-internacional\/doble-lionel-messi-vivio-en-1904-las-redes-explotan\/2018\/02\">VER M\u00c1S:\u00a0<span class=\"item-title\">El doble de Lionel Messi vivi\u00f3 en 1904 y las redes explotan<\/span><\/a><\/span><\/p>\n<p>&nbsp;<\/p>\n","protected":false},"excerpt":{"rendered":"<p>El delantero mexicano abandon\u00f3 el partido al minuto 35 del primer tiempo<\/p>\n","protected":false},"author":160,"featured_media":517238,"comment_status":"closed","ping_status":"closed","sticky":false,"template":"","format":"standard","meta":[],"categories":[9721,3839],"tags":[5196,2044,11753],"_links":{"self":[{"href":"http:\/\/desarrollo.grupomedios.com\/futbol\/wp-json\/wp\/v2\/posts\/517237"}],"collection":[{"href":"http:\/\/desarrollo.grupomedios.com\/futbol\/wp-json\/wp\/v2\/posts"}],"about":[{"href":"http:\/\/desarrollo.grupomedios.com\/futbol\/wp-json\/wp\/v2\/types\/post"}],"author":[{"embeddable":true,"href":"http:\/\/desarrollo.grupomedios.com\/futbol\/wp-json\/wp\/v2\/users\/160"}],"replies":[{"embeddable":true,"href":"http:\/\/desarrollo.grupomedios.com\/futbol\/wp-json\/wp\/v2\/comments?post=517237"}],"version-history":[{"count":1,"href":"http:\/\/desarrollo.grupomedios.com\/futbol\/wp-json\/wp\/v2\/posts\/517237\/revisions"}],"predecessor-version":[{"id":517239,"href":"http:\/\/desarrollo.grupomedios.com\/futbol\/wp-json\/wp\/v2\/posts\/517237\/revisions\/517239"}],"wp:featuredmedia":[{"embeddable":true,"href":"http:\/\/desarrollo.grupomedios.com\/futbol\/wp-json\/wp\/v2\/media\/517238"}],"wp:attachment":[{"href":"http:\/\/desarrollo.grupomedios.com\/futbol\/wp-json\/wp\/v2\/media?parent=517237"}],"wp:term":[{"taxonomy":"category","embeddable":true,"href":"http:\/\/desarrollo.grupomedios.com\/futbol\/wp-json\/wp\/v2\/categories?post=517237"},{"taxonomy":"post_tag","embeddable":true,"href":"http:\/\/desarrollo.grupomedios.com\/futbol\/wp-json\/wp\/v2\/tags?post=517237"}],"curies":[{"name":"wp","href":"https:\/\/api.w.org\/{rel}","templated":true}]}}