{"id":517240,"date":"2018-02-10T16:54:14","date_gmt":"2018-02-10T22:54:14","guid":{"rendered":"https:\/\/www.futboltotal.com.mx\/?p=517240"},"modified":"2018-02-10T16:54:14","modified_gmt":"2018-02-10T22:54:14","slug":"raul-jimenez-entra-benfica-le-da-vuelta-al-portimonense","status":"publish","type":"post","link":"http:\/\/desarrollo.grupomedios.com\/futbol\/futbol-internacional\/raul-jimenez-entra-benfica-le-da-vuelta-al-portimonense\/2018\/02","title":{"rendered":"Ra\u00fal Jim\u00e9nez entra y el Benfica le da vuelta al Portimonense"},"content":{"rendered":"<p>El delantero mexicano <strong>Ra\u00fal Jim\u00e9nez<\/strong> entr\u00f3 al terreno y le cambi\u00f3 la cara a un <strong>Benfica<\/strong> que tuvo que esperar hasta el segundo tiempo para batir a su rival, el Portimonense.<\/p>\n<p>Dos goles del argentino <strong>Franco Cervi<\/strong> lideraron la victoria del Benfica (1-3) y le arrebataron el liderato de la Liga portuguesa al <strong>Porto<\/strong>, que cuenta con dos partidos menos.<\/p>\n<p>En la vig\u00e9simo segunda jornada, las &#8220;\u00e1guilas&#8221; encabezan la tabla con <strong>53 puntos<\/strong>, uno m\u00e1s que el Porto y tres que el <strong>Sporting<\/strong>, que juegan el domingo ante el Desportivo de Chaves y el Feirense, respectivamente.<\/p>\n<p style=\"text-align: center;\"><span style=\"color: #333399;\"><a href=\"https:\/\/www.futboltotal.com.mx\/futbol-internacional\/hirving-lozano-y-la-lesion-con-psv-que-hace-temblar-a-mexico\/2018\/02\">VER M\u00c1S:\u00a0<span class=\"item-title\">Hirving Lozano y la lesi\u00f3n con PSV que hace temblar a M\u00e9xico<\/span><\/a><\/span><\/p>\n<p>Cervi adelant\u00f3 a los suyos a los 6 minutos, cuando le cay\u00f3 un bal\u00f3n en la izquierda que col\u00f3 en el fondo de las redes con un remate fuerte que no dej\u00f3 opciones al portero <strong>Ricardo Ferreira<\/strong>.<\/p>\n<p>Sin embargo, el modesto <strong>Portimonense<\/strong> fue capaz de plantar cara a las &#8220;\u00e1guilas&#8221; en la segunda parte e igualar el marcador en el minuto 65, tras un saque de esquina cabeceado por el brasile\u00f1o Felipe Macedo.<\/p>\n<p>Pero el empate no dur\u00f3 ni un cuarto de hora y el conjunto de <strong>Rui Vit\u00f3ria<\/strong> volvi\u00f3 a ponerse en ventaja a los 78 minutos con un nuevo tanto de Cervi, esta vez en un lanzamiento de falta.<\/p>\n<p style=\"text-align: center;\"><span style=\"color: #333399;\"><a href=\"https:\/\/www.futboltotal.com.mx\/destacado-home\/west-ham-united-2-watford-0-premier-league-2018\/2018\/02\">VER M\u00c1S:\u00a0<span class=\"item-title\">Con un Chicharito \u2018On Fire\u2019 West Ham vence al Watford<\/span><\/a><\/span><\/p>\n<p>Desde el lado derecho, el remate del extremo argentino super\u00f3 la barrera y se col\u00f3 junto al poste.<\/p>\n<p>En el \u00faltimo suspiro, el serbio <strong>Zivkovic<\/strong> sentenci\u00f3 en un contraataque el 1-3 y la derrota del Portimonense, que sigue und\u00e9cimo con 24 puntos.<\/p>\n<p><iframe loading=\"lazy\" src=\"https:\/\/www.youtube.com\/embed\/xLp4pBRtXTY\" frameborder=\"0\" allowfullscreen=\"allowfullscreen\"><\/iframe><\/p>\n","protected":false},"excerpt":{"rendered":"<p>El delantero mexicano jug\u00f3 todo el segundo tiempo del partido<\/p>\n","protected":false},"author":160,"featured_media":517241,"comment_status":"closed","ping_status":"closed","sticky":false,"template":"","format":"standard","meta":[],"categories":[3839,7709],"tags":[6060,10301,742],"_links":{"self":[{"href":"http:\/\/desarrollo.grupomedios.com\/futbol\/wp-json\/wp\/v2\/posts\/517240"}],"collection":[{"href":"http:\/\/desarrollo.grupomedios.com\/futbol\/wp-json\/wp\/v2\/posts"}],"about":[{"href":"http:\/\/desarrollo.grupomedios.com\/futbol\/wp-json\/wp\/v2\/types\/post"}],"author":[{"embeddable":true,"href":"http:\/\/desarrollo.grupomedios.com\/futbol\/wp-json\/wp\/v2\/users\/160"}],"replies":[{"embeddable":true,"href":"http:\/\/desarrollo.grupomedios.com\/futbol\/wp-json\/wp\/v2\/comments?post=517240"}],"version-history":[{"count":1,"href":"http:\/\/desarrollo.grupomedios.com\/futbol\/wp-json\/wp\/v2\/posts\/517240\/revisions"}],"predecessor-version":[{"id":517242,"href":"http:\/\/desarrollo.grupomedios.com\/futbol\/wp-json\/wp\/v2\/posts\/517240\/revisions\/517242"}],"wp:featuredmedia":[{"embeddable":true,"href":"http:\/\/desarrollo.grupomedios.com\/futbol\/wp-json\/wp\/v2\/media\/517241"}],"wp:attachment":[{"href":"http:\/\/desarrollo.grupomedios.com\/futbol\/wp-json\/wp\/v2\/media?parent=517240"}],"wp:term":[{"taxonomy":"category","embeddable":true,"href":"http:\/\/desarrollo.grupomedios.com\/futbol\/wp-json\/wp\/v2\/categories?post=517240"},{"taxonomy":"post_tag","embeddable":true,"href":"http:\/\/desarrollo.grupomedios.com\/futbol\/wp-json\/wp\/v2\/tags?post=517240"}],"curies":[{"name":"wp","href":"https:\/\/api.w.org\/{rel}","templated":true}]}}