{"id":517257,"date":"2018-02-10T21:19:27","date_gmt":"2018-02-11T03:19:27","guid":{"rendered":"https:\/\/www.futboltotal.com.mx\/?p=517257"},"modified":"2018-02-10T21:19:27","modified_gmt":"2018-02-11T03:19:27","slug":"mama-s-ignacio-ambriz-habla-duro-tema-del-descenso","status":"publish","type":"post","link":"http:\/\/desarrollo.grupomedios.com\/futbol\/destacado-home\/mama-s-ignacio-ambriz-habla-duro-tema-del-descenso\/2018\/02","title":{"rendered":"&#8220;Son mamad&#8230;s&#8221;: Ignacio Ambriz habla duro sobre el tema del descenso"},"content":{"rendered":"<p><strong>Ignacio Ambriz<\/strong>, t\u00e9cnico de los <strong>Rayos del Necaxa<\/strong>, habl\u00f3 fuerte sobre el tema de que los equipos del Ascenso MX no podr\u00edan subir a la Primera Divisi\u00f3n en los pr\u00f3ximos cuatro a\u00f1os.<\/p>\n<p>Despu\u00e9s del triunfo de los hidrorrayos sobre la <strong>M\u00e1quina Celeste de Cruz Azul<\/strong> por 0-2, el estratega luc\u00eda con buen semblante, pero el tema del posible no ascenso cambi\u00f3 su sentir.<\/p>\n<p><mark>&#8220;<strong>Son mamadas<\/strong>, no puede ser equipo que equipos con historia como la U. de G. o el Zacatepec que tienen muy bonitos estadios no tengan la oportunidad de llegar, puede costar mucho dinero a todas estas franquicias que gastan e invierten&#8221;<\/mark>, sentenci\u00f3 Nacho Ambriz.<\/p>\n<p style=\"text-align: center;\"><span style=\"color: #333399;\"><a href=\"https:\/\/www.futboltotal.com.mx\/destacado-home\/cruz-azul-0-necaxa-2-clausura-2018-resumen\/2018\/02\">VER M\u00c1S:\u00a0<span class=\"item-title\">\u00a1Cruz Azul, en crisis! Necaxa se roba los tres puntos<\/span><\/a><\/span><\/p>\n<p>Sobre la situaci\u00f3n que vive Necaxa en el <strong>M\u00e1ximo Circuito<\/strong>, el entrenador mexicano destac\u00f3 el compromiso que ha tenido su escuadra y que poco a poco con el buen grupo que tiene se ha podido sacar adelante.<\/p>\n<p>&#8220;Todos corren, todos luchan, estamos preparados para todo lo que se viene, como el duelo del martes contra el <strong>Atlas<\/strong>&#8220;, afirm\u00f3 el t\u00e9cnico de los Rayos del Necaxa, Ignacio Ambriz.<\/p>\n<blockquote class=\"twitter-tweet\" data-partner=\"tweetdeck\">\n<p dir=\"ltr\" lang=\"es\">Ambriz fue contundente al hablar sobre la eliminaci\u00f3n del Ascenso y Descenso.<\/p>\n<p>\u201cSon mamadas\u201d. \u26a1\ufe0f <a href=\"https:\/\/t.co\/4nYuKSnNmT\">pic.twitter.com\/4nYuKSnNmT<\/a><\/p>\n<p>\u2014 PressPort (@PressPortmx) <a href=\"https:\/\/twitter.com\/PressPortmx\/status\/962509889443688449?ref_src=twsrc%5Etfw\">February 11, 2018<\/a><\/p><\/blockquote>\n<p><script async src=\"https:\/\/platform.twitter.com\/widgets.js\" charset=\"utf-8\"><\/script><\/p>\n","protected":false},"excerpt":{"rendered":"<p>El t\u00e9cnico mexicano asegur\u00f3 que es una situaci\u00f3n irreal la que plantea la FMF<\/p>\n","protected":false},"author":160,"featured_media":517261,"comment_status":"closed","ping_status":"closed","sticky":false,"template":"","format":"standard","meta":[],"categories":[5,2198,3845],"tags":[2098,511,261],"_links":{"self":[{"href":"http:\/\/desarrollo.grupomedios.com\/futbol\/wp-json\/wp\/v2\/posts\/517257"}],"collection":[{"href":"http:\/\/desarrollo.grupomedios.com\/futbol\/wp-json\/wp\/v2\/posts"}],"about":[{"href":"http:\/\/desarrollo.grupomedios.com\/futbol\/wp-json\/wp\/v2\/types\/post"}],"author":[{"embeddable":true,"href":"http:\/\/desarrollo.grupomedios.com\/futbol\/wp-json\/wp\/v2\/users\/160"}],"replies":[{"embeddable":true,"href":"http:\/\/desarrollo.grupomedios.com\/futbol\/wp-json\/wp\/v2\/comments?post=517257"}],"version-history":[{"count":1,"href":"http:\/\/desarrollo.grupomedios.com\/futbol\/wp-json\/wp\/v2\/posts\/517257\/revisions"}],"predecessor-version":[{"id":517262,"href":"http:\/\/desarrollo.grupomedios.com\/futbol\/wp-json\/wp\/v2\/posts\/517257\/revisions\/517262"}],"wp:featuredmedia":[{"embeddable":true,"href":"http:\/\/desarrollo.grupomedios.com\/futbol\/wp-json\/wp\/v2\/media\/517261"}],"wp:attachment":[{"href":"http:\/\/desarrollo.grupomedios.com\/futbol\/wp-json\/wp\/v2\/media?parent=517257"}],"wp:term":[{"taxonomy":"category","embeddable":true,"href":"http:\/\/desarrollo.grupomedios.com\/futbol\/wp-json\/wp\/v2\/categories?post=517257"},{"taxonomy":"post_tag","embeddable":true,"href":"http:\/\/desarrollo.grupomedios.com\/futbol\/wp-json\/wp\/v2\/tags?post=517257"}],"curies":[{"name":"wp","href":"https:\/\/api.w.org\/{rel}","templated":true}]}}