{"id":517293,"date":"2018-02-11T09:55:05","date_gmt":"2018-02-11T15:55:05","guid":{"rendered":"https:\/\/www.futboltotal.com.mx\/?p=517293"},"modified":"2018-02-11T09:55:05","modified_gmt":"2018-02-11T15:55:05","slug":"futbolista-chivas-se-queja-del-arbitraje-tras-posible-lesion","status":"publish","type":"post","link":"http:\/\/desarrollo.grupomedios.com\/futbol\/futbol-mexicano\/futbolista-chivas-se-queja-del-arbitraje-tras-posible-lesion\/2018\/02","title":{"rendered":"Futbolista de Chivas se queja del arbitraje tras posible lesi\u00f3n"},"content":{"rendered":"<p>Las cosas no est\u00e1n nada bien con las <strong>Chivas Rayadas del Guadalajara<\/strong>. No se dan los resultados, el funcionamiento del equipo no es bueno, y ahora hasta es v\u00edctima de las decisiones arbitrales.<\/p>\n<p>El futbolista del Reba\u00f1o Sagrado, <strong>Rodolfo Pizarro<\/strong>, realiz\u00f3 una publicaci\u00f3n en redes sociales donde acusa al \u00e1rbitro de no cumplir de forma correcta con su trabajo durante el partido contra Santos.<\/p>\n<p>Pizarro dio a conocer <strong>una cicatriz<\/strong> que le dej\u00f3 en el pie un jugador de los laguneros durante el encuentro de este s\u00e1bado por la noche donde cayeron por 0-2.<\/p>\n<p style=\"text-align: center;\"><span style=\"color: #333399;\"><a href=\"https:\/\/www.futboltotal.com.mx\/destacado-home\/chivas-0-santos-2-clausura-2018-resumen\/2018\/02\">VER M\u00c1S:\u00a0<span class=\"item-title\">\u00a1Chivas, el peor local! Santos Laguna asalta al Guadalajara<\/span><\/a><\/span><\/p>\n<p>El delantero de las Chivas coment\u00f3 que &#8220;independiente al resultado, no es posible que no saquen ni amarilla en acciones que pueden provocar una fractura, ya nos pas\u00f3 antes con Brizuela. Solo pedimos que se marque lo justo&#8221;.<\/p>\n<p>Esta fue la terrible cicatriz que le han dejado a Rodolfo Pizarro.<\/p>\n<blockquote class=\"twitter-tweet\" data-lang=\"es\">\n<p dir=\"ltr\" lang=\"es\">Independiente al resultado, no es posible que no saquen ni amarilla en acciones que pueden provocar una fractura, ya nos pas\u00f3 antes con brizuela. Solo pedimos que se marque lo justo <a href=\"https:\/\/t.co\/EYK5ecXimD\">pic.twitter.com\/EYK5ecXimD<\/a><\/p>\n<p>\u2014 Rodolfo Pizarro (@Rpizarrot) <a href=\"https:\/\/twitter.com\/Rpizarrot\/status\/962560756108509185?ref_src=twsrc%5Etfw\">11 de febrero de 2018<\/a><\/p><\/blockquote>\n<p><script async src=\"https:\/\/platform.twitter.com\/widgets.js\" charset=\"utf-8\"><\/script><\/p>\n","protected":false},"excerpt":{"rendered":"<p>El delantero rojiblanco acus\u00f3 el trabajo irregular del silbante<\/p>\n","protected":false},"author":160,"featured_media":517294,"comment_status":"closed","ping_status":"closed","sticky":false,"template":"","format":"standard","meta":[],"categories":[2198,3845],"tags":[70,4908],"_links":{"self":[{"href":"http:\/\/desarrollo.grupomedios.com\/futbol\/wp-json\/wp\/v2\/posts\/517293"}],"collection":[{"href":"http:\/\/desarrollo.grupomedios.com\/futbol\/wp-json\/wp\/v2\/posts"}],"about":[{"href":"http:\/\/desarrollo.grupomedios.com\/futbol\/wp-json\/wp\/v2\/types\/post"}],"author":[{"embeddable":true,"href":"http:\/\/desarrollo.grupomedios.com\/futbol\/wp-json\/wp\/v2\/users\/160"}],"replies":[{"embeddable":true,"href":"http:\/\/desarrollo.grupomedios.com\/futbol\/wp-json\/wp\/v2\/comments?post=517293"}],"version-history":[{"count":1,"href":"http:\/\/desarrollo.grupomedios.com\/futbol\/wp-json\/wp\/v2\/posts\/517293\/revisions"}],"predecessor-version":[{"id":517295,"href":"http:\/\/desarrollo.grupomedios.com\/futbol\/wp-json\/wp\/v2\/posts\/517293\/revisions\/517295"}],"wp:featuredmedia":[{"embeddable":true,"href":"http:\/\/desarrollo.grupomedios.com\/futbol\/wp-json\/wp\/v2\/media\/517294"}],"wp:attachment":[{"href":"http:\/\/desarrollo.grupomedios.com\/futbol\/wp-json\/wp\/v2\/media?parent=517293"}],"wp:term":[{"taxonomy":"category","embeddable":true,"href":"http:\/\/desarrollo.grupomedios.com\/futbol\/wp-json\/wp\/v2\/categories?post=517293"},{"taxonomy":"post_tag","embeddable":true,"href":"http:\/\/desarrollo.grupomedios.com\/futbol\/wp-json\/wp\/v2\/tags?post=517293"}],"curies":[{"name":"wp","href":"https:\/\/api.w.org\/{rel}","templated":true}]}}