{"id":517318,"date":"2018-02-11T14:41:44","date_gmt":"2018-02-11T20:41:44","guid":{"rendered":"https:\/\/www.futboltotal.com.mx\/?p=517318"},"modified":"2018-02-11T14:41:44","modified_gmt":"2018-02-11T20:41:44","slug":"ex-jugador-del-america-adolfo-rios-ira-alcaldia-queretaro","status":"publish","type":"post","link":"http:\/\/desarrollo.grupomedios.com\/futbol\/futbol-mexicano\/ex-jugador-del-america-adolfo-rios-ira-alcaldia-queretaro\/2018\/02","title":{"rendered":"Ex jugador del Am\u00e9rica ir\u00e1 por alcald\u00eda de Quer\u00e9taro"},"content":{"rendered":"<p><strong>Cuauht\u00e9moc Blanco<\/strong> no va a ser el \u00fanico futbolista que estar\u00e1 en la pol\u00edtica mexicana, pues ahora el ex portero del Am\u00e9rica, <strong>Adolfo R\u00edos<\/strong>, ya se ha unido a \u00e9l.<\/p>\n<p>El ex arquero mexicano pelear\u00e1 en las pr\u00f3ximas elecciones por la <strong>Presidencia Municipal de Quer\u00e9taro<\/strong> como candidato por el partido <strong>Morena<\/strong>.<\/p>\n<p>&#8220;Muy bueno Adolfo R\u00edos, de primera. Se hizo una encuesta en Quer\u00e9taro y \u00e9l fue el mejor calificado, estoy muy contento por eso&#8221;, asegur\u00f3 <strong>Andr\u00e9s Manuel L\u00f3pez Obrador<\/strong> durante su visita a dicho estado para la presentaci\u00f3n del excancerbero como candidato a la alcald\u00eda del municipio queretano.<\/p>\n<p style=\"text-align: center;\"><span style=\"color: #3366ff;\"><a href=\"https:\/\/www.futboltotal.com.mx\/futbol-mexicano\/liga-mx\/futbolista-chivas-se-queja-del-arbitraje-tras-posible-lesion\/2018\/02\">VER M\u00c1S: Futbolista de Chivas se queja del arbitraje tras posible lesi\u00f3n<\/a><\/span><\/p>\n<blockquote class=\"twitter-tweet\" data-width=\"500\">\n<p lang=\"und\" dir=\"ltr\"><a href=\"https:\/\/twitter.com\/hashtag\/JuntosHaremosHistoria?src=hash&amp;ref_src=twsrc%5Etfw\">#JuntosHaremosHistoria<\/a> <a href=\"https:\/\/twitter.com\/PESoficialPPN?ref_src=twsrc%5Etfw\">@PESoficialPPN<\/a> <a href=\"https:\/\/twitter.com\/hugoericflores?ref_src=twsrc%5Etfw\">@hugoericflores<\/a> <a href=\"https:\/\/twitter.com\/lopezobrador_?ref_src=twsrc%5Etfw\">@lopezobrador_<\/a> <a href=\"https:\/\/twitter.com\/adorri25?ref_src=twsrc%5Etfw\">@adorri25<\/a> <a href=\"https:\/\/t.co\/6ZI5inwj3z\">pic.twitter.com\/6ZI5inwj3z<\/a><\/p>\n<p>&mdash; PES Quer\u00e9taro (@PES_Qro) <a href=\"https:\/\/twitter.com\/PES_Qro\/status\/962049802446893058?ref_src=twsrc%5Etfw\">February 9, 2018<\/a><\/p><\/blockquote>\n<p><script async src=\"https:\/\/platform.twitter.com\/widgets.js\" charset=\"utf-8\"><\/script><\/p>\n<p>R\u00edos, quien se retir\u00f3 en 2004 vistiendo los colores del Am\u00e9rica, debut\u00f3 con Pumas en 1985, fue parte de Selecci\u00f3n Nacional en la Copa Am\u00e9rica de 1997, en la cual destac\u00f3 al lucirse durante la ronda de penaltis contra Ecuador, actuaci\u00f3n que los llev\u00f3 a Semifinales.<\/p>\n","protected":false},"excerpt":{"rendered":"<p>El ex portero fue el que mejor calificaci\u00f3n tuvo en las encuestas.<\/p>\n","protected":false},"author":129,"featured_media":513923,"comment_status":"closed","ping_status":"closed","sticky":false,"template":"","format":"standard","meta":[],"categories":[2198],"tags":[2626,11757,11756,5970],"_links":{"self":[{"href":"http:\/\/desarrollo.grupomedios.com\/futbol\/wp-json\/wp\/v2\/posts\/517318"}],"collection":[{"href":"http:\/\/desarrollo.grupomedios.com\/futbol\/wp-json\/wp\/v2\/posts"}],"about":[{"href":"http:\/\/desarrollo.grupomedios.com\/futbol\/wp-json\/wp\/v2\/types\/post"}],"author":[{"embeddable":true,"href":"http:\/\/desarrollo.grupomedios.com\/futbol\/wp-json\/wp\/v2\/users\/129"}],"replies":[{"embeddable":true,"href":"http:\/\/desarrollo.grupomedios.com\/futbol\/wp-json\/wp\/v2\/comments?post=517318"}],"version-history":[{"count":1,"href":"http:\/\/desarrollo.grupomedios.com\/futbol\/wp-json\/wp\/v2\/posts\/517318\/revisions"}],"predecessor-version":[{"id":517319,"href":"http:\/\/desarrollo.grupomedios.com\/futbol\/wp-json\/wp\/v2\/posts\/517318\/revisions\/517319"}],"wp:featuredmedia":[{"embeddable":true,"href":"http:\/\/desarrollo.grupomedios.com\/futbol\/wp-json\/wp\/v2\/media\/513923"}],"wp:attachment":[{"href":"http:\/\/desarrollo.grupomedios.com\/futbol\/wp-json\/wp\/v2\/media?parent=517318"}],"wp:term":[{"taxonomy":"category","embeddable":true,"href":"http:\/\/desarrollo.grupomedios.com\/futbol\/wp-json\/wp\/v2\/categories?post=517318"},{"taxonomy":"post_tag","embeddable":true,"href":"http:\/\/desarrollo.grupomedios.com\/futbol\/wp-json\/wp\/v2\/tags?post=517318"}],"curies":[{"name":"wp","href":"https:\/\/api.w.org\/{rel}","templated":true}]}}