{"id":517320,"date":"2018-02-11T14:54:28","date_gmt":"2018-02-11T20:54:28","guid":{"rendered":"https:\/\/www.futboltotal.com.mx\/?p=517320"},"modified":"2018-02-11T14:54:28","modified_gmt":"2018-02-11T20:54:28","slug":"miguel-layun-aparece-en-triunfo-del-sevilla","status":"publish","type":"post","link":"http:\/\/desarrollo.grupomedios.com\/futbol\/futbol-internacional\/miguel-layun-aparece-en-triunfo-del-sevilla\/2018\/02","title":{"rendered":"Miguel Lay\u00fan aparece en el triunfo del Sevilla"},"content":{"rendered":"<p>El portero <strong>Sergio Rico<\/strong>, con sus puntuales intervenciones en la primera y segunda parte, incluido la parada de un penalti, le dio la victoria (1-0) al <strong>Sevilla<\/strong> ante el<strong> Girona<\/strong>, un rival que ratific\u00f3 en el <strong>S\u00e1nchez Pizju\u00e1n<\/strong> que es una de las revelaciones en este su debut en la m\u00e1xima categor\u00eda del f\u00fatbol espa\u00f1ol.<\/p>\n<blockquote class=\"twitter-tweet\" data-width=\"500\">\n<p lang=\"es\" dir=\"ltr\">Final del partido en Nervi\u00f3n<a href=\"https:\/\/twitter.com\/hashtag\/SevillaFC?src=hash&amp;ref_src=twsrc%5Etfw\">#SevillaFC<\/a> 1-0 <a href=\"https:\/\/twitter.com\/GironaFC?ref_src=twsrc%5Etfw\">@GironaFC<\/a> <a href=\"https:\/\/twitter.com\/hashtag\/vamosmisevilla?src=hash&amp;ref_src=twsrc%5Etfw\">#vamosmisevilla<\/a> <a href=\"https:\/\/twitter.com\/hashtag\/SevillaFCGirona?src=hash&amp;ref_src=twsrc%5Etfw\">#SevillaFCGirona<\/a> <a href=\"https:\/\/t.co\/hMCjBDUtcE\">pic.twitter.com\/hMCjBDUtcE<\/a><\/p>\n<p>&mdash; Sevilla F\u00fatbol Club (@SevillaFC) <a href=\"https:\/\/twitter.com\/SevillaFC\/status\/962671145542651904?ref_src=twsrc%5Etfw\">February 11, 2018<\/a><\/p><\/blockquote>\n<p><script async src=\"https:\/\/platform.twitter.com\/widgets.js\" charset=\"utf-8\"><\/script><\/p>\n<p>El Sevilla se reencontr\u00f3 con el triunfo liguero en su estadio tras tres partidos seguidos en este torneo sin conseguirlo y con el mantiene plaza europea, pero su juego dej\u00f3 mucho que desear ante un adversario que siempre le plant\u00f3 cara.<\/p>\n<p>Se not\u00f3 mucho la ausencia de Banega en la primera parte, pero en la segunda, antes de que se cumpliera el primer minuto de juego, el argentino Joaqu\u00edn &#8216;Tucu&#8217; Correa no desaprovech\u00f3 un pase largo para superar al portero en una acci\u00f3n que remach\u00f3 Pablo Sarabia bajo los palos para poner el 1-0.<\/p>\n<p style=\"text-align: center;\"><span style=\"color: #3366ff;\"><a href=\"https:\/\/www.futboltotal.com.mx\/futbol-internacional\/liga-de-espana\/barcelona-0-getafe-0-laliga-resumen\/2018\/02\">VER M\u00c1S: Barcelona no puede con Getafe en el Camp Nou<\/a><\/span><\/p>\n<p>Pas\u00f3 el Girona de la posibilidad de irse al descanso en ventaja a empezar la segunda con el marcador en contra, aunque eso no le desequilibr\u00f3 y mantuvo su empuje ante un Sevilla descentrado, sin saber controlar la situaci\u00f3n y d\u00e1ndole la iniciativa al rival.<\/p>\n<p>El mexicano <strong>Miguel Lay\u00fan<\/strong> ingres\u00f3 a minutos del final para darle m\u00e1s profundidad al conjunto local.<\/p>\n<blockquote class=\"twitter-tweet\" data-width=\"500\">\n<p lang=\"es\" dir=\"ltr\">77&#39; | Segundo cambio en el <a href=\"https:\/\/twitter.com\/hashtag\/SevillaFC?src=hash&amp;ref_src=twsrc%5Etfw\">#SevillaFC<\/a>, entra <a href=\"https:\/\/twitter.com\/Miguel_layun?ref_src=twsrc%5Etfw\">@Miguel_layun<\/a> por <a href=\"https:\/\/twitter.com\/Pablosarabia92?ref_src=twsrc%5Etfw\">@Pablosarabia92<\/a><br \/>Sevilla FC 1-0 <a href=\"https:\/\/twitter.com\/GironaFC?ref_src=twsrc%5Etfw\">@GironaFC<\/a> <a href=\"https:\/\/twitter.com\/hashtag\/vamosmisevilla?src=hash&amp;ref_src=twsrc%5Etfw\">#vamosmisevilla<\/a> <a href=\"https:\/\/twitter.com\/hashtag\/SevillaFCGirona?src=hash&amp;ref_src=twsrc%5Etfw\">#SevillaFCGirona<\/a><\/p>\n<p>&mdash; Sevilla F\u00fatbol Club (@SevillaFC) <a href=\"https:\/\/twitter.com\/SevillaFC\/status\/962667081421422592?ref_src=twsrc%5Etfw\">February 11, 2018<\/a><\/p><\/blockquote>\n<p><script async src=\"https:\/\/platform.twitter.com\/widgets.js\" charset=\"utf-8\"><\/script><\/p>\n","protected":false},"excerpt":{"rendered":"<p>El mexicano ingres\u00f3 de cambio en el segundo tiempo.<\/p>\n","protected":false},"author":129,"featured_media":516550,"comment_status":"closed","ping_status":"closed","sticky":false,"template":"","format":"standard","meta":[],"categories":[3839,3844],"tags":[6214,110,6114,49],"_links":{"self":[{"href":"http:\/\/desarrollo.grupomedios.com\/futbol\/wp-json\/wp\/v2\/posts\/517320"}],"collection":[{"href":"http:\/\/desarrollo.grupomedios.com\/futbol\/wp-json\/wp\/v2\/posts"}],"about":[{"href":"http:\/\/desarrollo.grupomedios.com\/futbol\/wp-json\/wp\/v2\/types\/post"}],"author":[{"embeddable":true,"href":"http:\/\/desarrollo.grupomedios.com\/futbol\/wp-json\/wp\/v2\/users\/129"}],"replies":[{"embeddable":true,"href":"http:\/\/desarrollo.grupomedios.com\/futbol\/wp-json\/wp\/v2\/comments?post=517320"}],"version-history":[{"count":1,"href":"http:\/\/desarrollo.grupomedios.com\/futbol\/wp-json\/wp\/v2\/posts\/517320\/revisions"}],"predecessor-version":[{"id":517321,"href":"http:\/\/desarrollo.grupomedios.com\/futbol\/wp-json\/wp\/v2\/posts\/517320\/revisions\/517321"}],"wp:featuredmedia":[{"embeddable":true,"href":"http:\/\/desarrollo.grupomedios.com\/futbol\/wp-json\/wp\/v2\/media\/516550"}],"wp:attachment":[{"href":"http:\/\/desarrollo.grupomedios.com\/futbol\/wp-json\/wp\/v2\/media?parent=517320"}],"wp:term":[{"taxonomy":"category","embeddable":true,"href":"http:\/\/desarrollo.grupomedios.com\/futbol\/wp-json\/wp\/v2\/categories?post=517320"},{"taxonomy":"post_tag","embeddable":true,"href":"http:\/\/desarrollo.grupomedios.com\/futbol\/wp-json\/wp\/v2\/tags?post=517320"}],"curies":[{"name":"wp","href":"https:\/\/api.w.org\/{rel}","templated":true}]}}