{"id":517326,"date":"2018-02-11T16:29:09","date_gmt":"2018-02-11T22:29:09","guid":{"rendered":"https:\/\/www.futboltotal.com.mx\/?p=517326"},"modified":"2018-02-11T16:29:09","modified_gmt":"2018-02-11T22:29:09","slug":"tecnico-correcaminos-agrede-a-reportero-en-ascenso-mx","status":"publish","type":"post","link":"http:\/\/desarrollo.grupomedios.com\/futbol\/futbol-mexicano\/tecnico-correcaminos-agrede-a-reportero-en-ascenso-mx\/2018\/02","title":{"rendered":"T\u00e9cnico de Correcaminos agrede a reportero en el Ascenso MX"},"content":{"rendered":"<p>Las agresiones contra la prensa volvieron a aparecer en el futbol mexicano y ahora fue en el <strong>Ascenso MX<\/strong> donde un integrante de los medios de comunicaci\u00f3n fue agredido.<\/p>\n<p>Durante el partido entre los <strong>Correcaminos<\/strong> y los Murci\u00e9lagos en el Asceno MX, donde los tamaulipecos triunfaron, el entrenador de los locales, <strong>Ricardo Rayas<\/strong> fue quien agredi\u00f3 a un reportero al finalizar el encuentro.<\/p>\n<p>En una grabaci\u00f3n se puede apreciar al director t\u00e9cnico del Corre beber un trago de su botella de agua y posteriormente lanzarla a <strong>Andr\u00e9s Ram\u00edrez<\/strong>, reportero de <em>El Mercurio<\/em> y <em>Extremo Deportivo<\/em>, a quien moj\u00f3 por la espalda.<\/p>\n<p style=\"text-align: center;\"><span style=\"color: #3366ff;\"><a href=\"https:\/\/www.futboltotal.com.mx\/futbol-mexicano\/liga-mx\/toluca-2-1-monterrey-clausura-2018-resumen\/2018\/02\">VER M\u00c1S: Toluca se aprovecha de Monterrey y le quita el invicto<\/a><\/span><\/p>\n<p>https:\/\/twitter.com\/elmercuriotam\/status\/962195026460758016<\/p>\n<p>Hasta ahora ni el club ni el t\u00e9cnico de los Correcaminos de Tamaulipas se han pronunciado para aclarar la situaci\u00f3n que pudo haber detonado esta agresi\u00f3n.<\/p>\n<p>Tambi\u00e9n se espera que el Ascenso MX y la direcci\u00f3n de la Liga MX emita un comunicado para saber si el entrnador ser\u00e1 castigado\u00a0 o recibir\u00e1 alg\u00fan tipo de multa.<\/p>\n<p>Cabe recordar que apenas hace unas semanas el jugador del Am\u00e9rica, Darwin Quintero, intent\u00f3 dar un balonazo al reportero de ESPN, Marcelino Fern\u00e1ndez del Castillo y fue castigado por la directiva azulcrema.<\/p>\n<p>Al d\u00eda siguiente el colombiano se disculp\u00f3 con el reportero y desde entonces no ha tenido actividad con el conjunto de las \u00c1guilas.<\/p>\n","protected":false},"excerpt":{"rendered":"<p>El entrenador agredi\u00f3 al reportero al finalizar el partido que gan\u00f3 su equipo.<\/p>\n","protected":false},"author":129,"featured_media":517327,"comment_status":"closed","ping_status":"closed","sticky":false,"template":"","format":"standard","meta":[],"categories":[3843,2198,3845],"tags":[432,61,1764],"_links":{"self":[{"href":"http:\/\/desarrollo.grupomedios.com\/futbol\/wp-json\/wp\/v2\/posts\/517326"}],"collection":[{"href":"http:\/\/desarrollo.grupomedios.com\/futbol\/wp-json\/wp\/v2\/posts"}],"about":[{"href":"http:\/\/desarrollo.grupomedios.com\/futbol\/wp-json\/wp\/v2\/types\/post"}],"author":[{"embeddable":true,"href":"http:\/\/desarrollo.grupomedios.com\/futbol\/wp-json\/wp\/v2\/users\/129"}],"replies":[{"embeddable":true,"href":"http:\/\/desarrollo.grupomedios.com\/futbol\/wp-json\/wp\/v2\/comments?post=517326"}],"version-history":[{"count":1,"href":"http:\/\/desarrollo.grupomedios.com\/futbol\/wp-json\/wp\/v2\/posts\/517326\/revisions"}],"predecessor-version":[{"id":517328,"href":"http:\/\/desarrollo.grupomedios.com\/futbol\/wp-json\/wp\/v2\/posts\/517326\/revisions\/517328"}],"wp:featuredmedia":[{"embeddable":true,"href":"http:\/\/desarrollo.grupomedios.com\/futbol\/wp-json\/wp\/v2\/media\/517327"}],"wp:attachment":[{"href":"http:\/\/desarrollo.grupomedios.com\/futbol\/wp-json\/wp\/v2\/media?parent=517326"}],"wp:term":[{"taxonomy":"category","embeddable":true,"href":"http:\/\/desarrollo.grupomedios.com\/futbol\/wp-json\/wp\/v2\/categories?post=517326"},{"taxonomy":"post_tag","embeddable":true,"href":"http:\/\/desarrollo.grupomedios.com\/futbol\/wp-json\/wp\/v2\/tags?post=517326"}],"curies":[{"name":"wp","href":"https:\/\/api.w.org\/{rel}","templated":true}]}}