{"id":517334,"date":"2018-02-11T17:53:15","date_gmt":"2018-02-11T23:53:15","guid":{"rendered":"https:\/\/www.futboltotal.com.mx\/?p=517334"},"modified":"2018-02-11T20:01:41","modified_gmt":"2018-02-12T02:01:41","slug":"cruz-azul-pierde-al-gullit-pena-lesion","status":"publish","type":"post","link":"http:\/\/desarrollo.grupomedios.com\/futbol\/destacado-home\/cruz-azul-pierde-al-gullit-pena-lesion\/2018\/02","title":{"rendered":"Cruz Azul pierde al Gullit Pe\u00f1a por lesi\u00f3n"},"content":{"rendered":"<p>El flamante refuerzo de <strong>Cruz Azul<\/strong> para el <strong>Clausura 2018<\/strong>,<strong> Carlos Pe\u00f1a<\/strong>, estar\u00e1 fuera de actividad con <em>La M\u00e1quina<\/em> luego de una lesi\u00f3n en el duelo ante<strong> Necaxa<\/strong>.<\/p>\n<p>El <strong>Gullit Pe\u00f1a<\/strong> sali\u00f3 lesionado antes de que terminara el primer tiempo ante los Rayos en la cancha del <strong>Estadio Azul<\/strong> luego de una barrida de <strong>Roberto Alvarado<\/strong> en la mitad de la cancha.<\/p>\n<p>A trav\u00e9s de un comunicado,<mark> Cruz Azul inform\u00f3 que se le hicieron pruebas m\u00e9dicas, entre ellas una placa con rayos x, que mostraron que un esguince en el tobillo derecho grado dos pero sin alguna lesi\u00f3n osea<\/mark>.<\/p>\n<p style=\"text-align: center;\"><span style=\"color: #3366ff;\"><a href=\"https:\/\/www.futboltotal.com.mx\/futbol-mexicano\/cruz-azul-0-necaxa-2-clausura-2018-resumen\/2018\/02\">VER M\u00c1S: \u00a1Cruz Azul, en crisis! Necaxa se roba los tres puntos<\/a><\/span><\/p>\n<blockquote class=\"twitter-tweet\" data-width=\"500\">\n<p lang=\"es\" dir=\"ltr\">Reporte m\u00e9dico sobre Carlos Pe\u00f1a [\u2026] Leer m\u00e1s <a href=\"https:\/\/t.co\/HVB5ms2eX3\">https:\/\/t.co\/HVB5ms2eX3<\/a> <a href=\"https:\/\/t.co\/WUkD4EyoHF\">pic.twitter.com\/WUkD4EyoHF<\/a><\/p>\n<p>&mdash; CRUZ AZUL FC \u00ae (@Cruz_Azul_FC) <a href=\"https:\/\/twitter.com\/Cruz_Azul_FC\/status\/962814982974005248?ref_src=twsrc%5Etfw\">February 11, 2018<\/a><\/p><\/blockquote>\n<p><script async src=\"https:\/\/platform.twitter.com\/widgets.js\" charset=\"utf-8\"><\/script><\/p>\n<p>El club celeste tambi\u00e9n explic\u00f3 que<mark> el plan de trabajo ser\u00e1 \u201cmanejo de edema y drenaje linf\u00e1tico\u201d y \u201cmanejo de dolor con m\u00e9dico por 3-4 d\u00edas\u201d.<\/mark><\/p>\n<p>Por esta raz\u00f3n, el tiempo estimado ser\u00e1 de dos semanas en espera de la evoluci\u00f3n de la lesi\u00f3n.<\/p>\n","protected":false},"excerpt":{"rendered":"<p>El mexicano sali\u00f3 lesionado antes de finalizar el primer tiempo con La M\u00e1quina.<\/p>\n","protected":false},"author":129,"featured_media":517335,"comment_status":"closed","ping_status":"closed","sticky":false,"template":"","format":"standard","meta":[],"categories":[5,2198,3845],"tags":[1781,5962,3883,1754,64,261],"_links":{"self":[{"href":"http:\/\/desarrollo.grupomedios.com\/futbol\/wp-json\/wp\/v2\/posts\/517334"}],"collection":[{"href":"http:\/\/desarrollo.grupomedios.com\/futbol\/wp-json\/wp\/v2\/posts"}],"about":[{"href":"http:\/\/desarrollo.grupomedios.com\/futbol\/wp-json\/wp\/v2\/types\/post"}],"author":[{"embeddable":true,"href":"http:\/\/desarrollo.grupomedios.com\/futbol\/wp-json\/wp\/v2\/users\/129"}],"replies":[{"embeddable":true,"href":"http:\/\/desarrollo.grupomedios.com\/futbol\/wp-json\/wp\/v2\/comments?post=517334"}],"version-history":[{"count":2,"href":"http:\/\/desarrollo.grupomedios.com\/futbol\/wp-json\/wp\/v2\/posts\/517334\/revisions"}],"predecessor-version":[{"id":517337,"href":"http:\/\/desarrollo.grupomedios.com\/futbol\/wp-json\/wp\/v2\/posts\/517334\/revisions\/517337"}],"wp:featuredmedia":[{"embeddable":true,"href":"http:\/\/desarrollo.grupomedios.com\/futbol\/wp-json\/wp\/v2\/media\/517335"}],"wp:attachment":[{"href":"http:\/\/desarrollo.grupomedios.com\/futbol\/wp-json\/wp\/v2\/media?parent=517334"}],"wp:term":[{"taxonomy":"category","embeddable":true,"href":"http:\/\/desarrollo.grupomedios.com\/futbol\/wp-json\/wp\/v2\/categories?post=517334"},{"taxonomy":"post_tag","embeddable":true,"href":"http:\/\/desarrollo.grupomedios.com\/futbol\/wp-json\/wp\/v2\/tags?post=517334"}],"curies":[{"name":"wp","href":"https:\/\/api.w.org\/{rel}","templated":true}]}}