{"id":517347,"date":"2018-02-11T20:15:31","date_gmt":"2018-02-12T02:15:31","guid":{"rendered":"https:\/\/www.futboltotal.com.mx\/?p=517347"},"modified":"2018-02-11T22:15:25","modified_gmt":"2018-02-12T04:15:25","slug":"veracruz-0-1-pachuca-clausura-2018-resumen","status":"publish","type":"post","link":"http:\/\/desarrollo.grupomedios.com\/futbol\/futbol-mexicano\/veracruz-0-1-pachuca-clausura-2018-resumen\/2018\/02","title":{"rendered":"Pachuca fue dominado pero sali\u00f3 sonriente de Veracruz"},"content":{"rendered":"<p>El futbol no est\u00e1 del lado del <strong>Veracruz<\/strong>, pues a pesar de que fue mejor que <strong>Pachuca<\/strong>, los<strong> Tuzos<\/strong> se llevaron la victoria como visitantes 0-1 en la <strong>Jornada 6 del Clausura 2018<\/strong>.<\/p>\n<p>Desde el inicio del encuentro los <strong>Tiburones Rojos<\/strong> fueron mejores y recibieron todo el apoyo del <strong>estadio Luis Pirata Fuente<\/strong>,\u00a0 que alent\u00f3 al equipo a ir al ataque y as\u00ed respondieron los dirigidos por<strong> Memo V\u00e1zquez<\/strong>.<\/p>\n<p>Los escualos se fueron al ataque con centros de<strong> Carlos Esquivel<\/strong> y un remate excelente por parte de <strong>Adri\u00e1n Luna<\/strong> que termino por sacar en la l\u00edna el defensa hidalguense, <strong>Alexis Pe\u00f1a<\/strong>.<\/p>\n<p style=\"text-align: center;\"><span style=\"color: #3366ff;\"><a href=\"https:\/\/www.futboltotal.com.mx\/futbol-mexicano\/liga-mx\/estadisticas-liga-mx-tabla-general-jornada-6-clausura-2018\/2018\/02\">VER M\u00c1S: Estad\u00edsticas Liga MX \u2013 Tabla General Jornada 6 Clausura 2018<\/a><\/span><\/p>\n<p>https:\/\/twitter.com\/futaztecadep\/status\/962843279682256896<\/p>\n<p>Pero los Tuzos apenas tuvieron una oportunidad y la supieron aprovechar de muy buena forma.\u00a0 Un disparo de<strong> Erick Aguirre<\/strong> que mand\u00f3 <strong>Pedro Gallese<\/strong> a tiro de esquina deriv\u00f3 con el gol del Pachuca.<\/p>\n<p>Cobr\u00f3 en tiro de esquina <strong>Keisuke Honda<\/strong> y <strong>Erick Guti\u00e9rrez<\/strong>\u00a0se adelant\u00f3 en la marca para mandar el bal\u00f3n a \u00e1ngulo con un remate de cabeza.<\/p>\n<p style=\"text-align: center;\"><span style=\"color: #3366ff;\"><a href=\"https:\/\/www.futboltotal.com.mx\/futbol-mexicano\/liga-mx\/estadisticas-liga-mx-tabla-general-jornada-6-clausura-2018\/2018\/02\">VER M\u00c1S: Estad\u00edsticas Liga MX \u2013 Tabla General Jornada 6 Clausura 2018<\/a><\/span><\/p>\n<blockquote class=\"twitter-tweet\" data-width=\"500\">\n<p lang=\"es\" dir=\"ltr\"><a href=\"https:\/\/twitter.com\/hashtag\/NoTeLoPierdas?src=hash&amp;ref_src=twsrc%5Etfw\">#NoTeLoPierdas<\/a><br \/>G\u26bd\u26bd\u26bdL de Erick Guti\u00e9rrez<a href=\"https:\/\/twitter.com\/ClubTiburones?ref_src=twsrc%5Etfw\">@ClubTiburones<\/a> 0-1 <a href=\"https:\/\/twitter.com\/Tuzos?ref_src=twsrc%5Etfw\">@Tuzos<\/a>\u00a0<a href=\"https:\/\/twitter.com\/hashtag\/Jornada6?src=hash&amp;ref_src=twsrc%5Etfw\">#Jornada6<\/a> <a href=\"https:\/\/twitter.com\/hashtag\/Clausura2018?src=hash&amp;ref_src=twsrc%5Etfw\">#Clausura2018<\/a> <a href=\"https:\/\/twitter.com\/hashtag\/LIGABancomerMX?src=hash&amp;ref_src=twsrc%5Etfw\">#LIGABancomerMX<\/a><br \/>\u26bd <a href=\"https:\/\/twitter.com\/hashtag\/SienteTuLiga?src=hash&amp;ref_src=twsrc%5Etfw\">#SienteTuLiga<\/a> \u26bd <a href=\"https:\/\/twitter.com\/hashtag\/CreandoOportunidades?src=hash&amp;ref_src=twsrc%5Etfw\">#CreandoOportunidades<\/a> <a href=\"https:\/\/twitter.com\/hashtag\/PorLaEducaci%C3%B3n?src=hash&amp;ref_src=twsrc%5Etfw\">#PorLaEducaci\u00f3n<\/a> <a href=\"https:\/\/twitter.com\/hashtag\/AbrazadosPorElFutbol?src=hash&amp;ref_src=twsrc%5Etfw\">#AbrazadosPorElFutbol<\/a> <a href=\"https:\/\/t.co\/EQ2Rq0UeFv\">pic.twitter.com\/EQ2Rq0UeFv<\/a><\/p>\n<p>&mdash; LIGA Bancomer MX (@LIGABancomerMX) <a href=\"https:\/\/twitter.com\/LIGABancomerMX\/status\/962848323693694976?ref_src=twsrc%5Etfw\">February 12, 2018<\/a><\/p><\/blockquote>\n<p><script async src=\"https:\/\/platform.twitter.com\/widgets.js\" charset=\"utf-8\"><\/script><\/p>\n<p>En la parte complementaria, los Tiburones Rojos salieron con todo pero no tuvieron suerte para empatar el encuentro.<\/p>\n<p>Con disparos de Esquivel, de <strong>Miguel Murillo<\/strong> y hasta con el regreso de<strong>Cristian Mel\u00e9ndez<\/strong>, el Veracruz atac\u00f3 a los hidalguenses pero el bal\u00f3n no quiso ingresar a las redes de <strong>Alfonso Blanco<\/strong>.<\/p>\n<p>https:\/\/twitter.com\/futaztecadep\/status\/962861094275489792<\/p>\n<p>Con este resultado, Pachuca consigui\u00f3 su segundo triunfo del torneo y lleg\u00f3 hasta 7 puntos en el Clausura 2018. Por su parte, el Veracruz tuvo su tercera derrota en el campeonato y se qued\u00f3 con 5 unidades.<\/p>\n","protected":false},"excerpt":{"rendered":"<p>Los Tuzos aprovecharon su \u00fanica llegada para marcar el gol del triunfo.<\/p>\n","protected":false},"author":129,"featured_media":517349,"comment_status":"closed","ping_status":"closed","sticky":false,"template":"","format":"standard","meta":[],"categories":[2198,3845],"tags":[9028,6158,3883,64,5968,6049],"_links":{"self":[{"href":"http:\/\/desarrollo.grupomedios.com\/futbol\/wp-json\/wp\/v2\/posts\/517347"}],"collection":[{"href":"http:\/\/desarrollo.grupomedios.com\/futbol\/wp-json\/wp\/v2\/posts"}],"about":[{"href":"http:\/\/desarrollo.grupomedios.com\/futbol\/wp-json\/wp\/v2\/types\/post"}],"author":[{"embeddable":true,"href":"http:\/\/desarrollo.grupomedios.com\/futbol\/wp-json\/wp\/v2\/users\/129"}],"replies":[{"embeddable":true,"href":"http:\/\/desarrollo.grupomedios.com\/futbol\/wp-json\/wp\/v2\/comments?post=517347"}],"version-history":[{"count":1,"href":"http:\/\/desarrollo.grupomedios.com\/futbol\/wp-json\/wp\/v2\/posts\/517347\/revisions"}],"predecessor-version":[{"id":517350,"href":"http:\/\/desarrollo.grupomedios.com\/futbol\/wp-json\/wp\/v2\/posts\/517347\/revisions\/517350"}],"wp:featuredmedia":[{"embeddable":true,"href":"http:\/\/desarrollo.grupomedios.com\/futbol\/wp-json\/wp\/v2\/media\/517349"}],"wp:attachment":[{"href":"http:\/\/desarrollo.grupomedios.com\/futbol\/wp-json\/wp\/v2\/media?parent=517347"}],"wp:term":[{"taxonomy":"category","embeddable":true,"href":"http:\/\/desarrollo.grupomedios.com\/futbol\/wp-json\/wp\/v2\/categories?post=517347"},{"taxonomy":"post_tag","embeddable":true,"href":"http:\/\/desarrollo.grupomedios.com\/futbol\/wp-json\/wp\/v2\/tags?post=517347"}],"curies":[{"name":"wp","href":"https:\/\/api.w.org\/{rel}","templated":true}]}}