{"id":517375,"date":"2018-02-12T10:26:46","date_gmt":"2018-02-12T16:26:46","guid":{"rendered":"https:\/\/www.futboltotal.com.mx\/?p=517375"},"modified":"2018-02-12T10:55:25","modified_gmt":"2018-02-12T16:55:25","slug":"los-refuerzos-cruz-azul-fracasaron-lesiones","status":"publish","type":"post","link":"http:\/\/desarrollo.grupomedios.com\/futbol\/futbol-mexicano\/los-refuerzos-cruz-azul-fracasaron-lesiones\/2018\/02","title":{"rendered":"Los 5 refuerzos de Cruz Azul que fracasaron por lesiones"},"content":{"rendered":"<p>La M\u00e1quina de <strong>Cruz Azul<\/strong> sigue mal y de malas, pues adem\u00e1s de que ha conseguido un triunfo en el <strong>Clausura 2018,<\/strong> ahora los <em>Cementeros<\/em> sufrieron la baja de su refuerzo estrella, <strong>Carlos Pe\u00f1a.<\/strong><\/p>\n<p>El <strong>Gullit<\/strong> sali\u00f3 lesionado del partido ante Necaxa el pasado s\u00e1bado en el estadio Azul y se suma a una lista de jugadores de la M\u00e1quina que llegaron como nuevos elementos y terminaron lesionados.<\/p>\n<p>Aqu\u00ed en <strong>Futbol Total<\/strong> recordamos a algunos jugadores que llegaron a Cruz Azul y fracasaron por culpa de las lesiones.<\/p>\n<p style=\"text-align: center;\"><span style=\"color: #3366ff;\"><a href=\"https:\/\/www.futboltotal.com.mx\/futbol-mexicano\/liga-mx\/cruz-azul-pierde-al-gullit-pena-lesion\/2018\/02\">VER M\u00c1S: Cruz Azul pierde al Gullit Pe\u00f1a por lesi\u00f3n<\/a><\/span><\/p>\n<p><span style=\"color: #3366ff;\">Roque Santa Cruz\u00a0<\/span><\/p>\n<p>El delantero paraguayo\u00a0cost\u00f3 alrededor de 2 millones de euros para que dejar\u00e1 el <strong>M\u00e1laga<\/strong> y en su segundo partido con Cruz Azul se lesion\u00f3 para no volver a aparecer en el Clausura 2015. Pues en 10 partidos, marc\u00f3 cuatro goles para despu\u00e9s volver a Espa\u00f1a en calidad de pr\u00e9stamo.<\/p>\n<p><img decoding=\"async\" loading=\"lazy\" class=\"alignnone size-full wp-image-517376\" src=\"https:\/\/www.futboltotal.com.mx\/wp-content\/uploads\/2018\/02\/roque-santa-cruz.jpg\" alt=\"Los 5 refuerzos de Cruz Azul que fracasaron por lesiones 0\" srcset=\"http:\/\/desarrollo.grupomedios.com\/futbol\/wp-content\/uploads\/2018\/02\/roque-santa-cruz.jpg 1136w, http:\/\/desarrollo.grupomedios.com\/futbol\/wp-content\/uploads\/2018\/02\/roque-santa-cruz-300x169.jpg 300w, http:\/\/desarrollo.grupomedios.com\/futbol\/wp-content\/uploads\/2018\/02\/roque-santa-cruz-768x432.jpg 768w, http:\/\/desarrollo.grupomedios.com\/futbol\/wp-content\/uploads\/2018\/02\/roque-santa-cruz-1024x576.jpg 1024w, http:\/\/desarrollo.grupomedios.com\/futbol\/wp-content\/uploads\/2018\/02\/roque-santa-cruz-393x221.jpg 393w\" sizes=\"(max-width: 1136px) 100vw, 1136px\" \/><\/p>\n<p><span style=\"color: #3366ff;\">Carlos Lizarazo<\/span><\/p>\n<p>Lleg\u00f3 procedente del <strong>Deportivo Cali<\/strong> de Colombia, donde era la figura y uno de los referentes del equipo. Para la mala suerte de La M\u00e1quina, lleg\u00f3 lesionado y todo el Clausura 2015 se la pas\u00f3 sin jugar, por lo que termin\u00f3 march\u00e1ndose a la <strong>MLS<\/strong> con <strong>FC Dallas<\/strong>.<\/p>\n<p><img decoding=\"async\" loading=\"lazy\" class=\"alignnone size-full wp-image-517377\" src=\"https:\/\/www.futboltotal.com.mx\/wp-content\/uploads\/2018\/02\/carlos-lizarazo-cruz-azul.jpg\" alt=\"Los 5 refuerzos de Cruz Azul que fracasaron por lesiones 1\" srcset=\"http:\/\/desarrollo.grupomedios.com\/futbol\/wp-content\/uploads\/2018\/02\/carlos-lizarazo-cruz-azul.jpg 1136w, http:\/\/desarrollo.grupomedios.com\/futbol\/wp-content\/uploads\/2018\/02\/carlos-lizarazo-cruz-azul-300x169.jpg 300w, http:\/\/desarrollo.grupomedios.com\/futbol\/wp-content\/uploads\/2018\/02\/carlos-lizarazo-cruz-azul-768x432.jpg 768w, http:\/\/desarrollo.grupomedios.com\/futbol\/wp-content\/uploads\/2018\/02\/carlos-lizarazo-cruz-azul-1024x576.jpg 1024w, http:\/\/desarrollo.grupomedios.com\/futbol\/wp-content\/uploads\/2018\/02\/carlos-lizarazo-cruz-azul-393x221.jpg 393w\" sizes=\"(max-width: 1136px) 100vw, 1136px\" \/><\/p>\n<p>&nbsp;<\/p>\n<p><span style=\"color: #3366ff;\">Erick Torres<\/span><\/p>\n<p><strong>El Cubo<\/strong> lleg\u00f3 para 2017 con la M\u00e1quina y en su regreso a la <strong>Liga MX<\/strong> tuvo un fracaso rotundo, pues una fuerte lesi\u00f3n impidi\u00f3 que disputara de minutos y termin\u00f3 regresando a la MLS con el <strong>Houston Dynamo<\/strong>. Con Cruz Azul apenas alcanz\u00f3 a disputar 44 minutos y marc\u00f3 un gol.<\/p>\n<p><img decoding=\"async\" loading=\"lazy\" class=\"alignnone size-full wp-image-442462\" src=\"https:\/\/www.futboltotal.com.mx\/wp-content\/uploads\/2016\/11\/Cubo-Torres.jpg\" alt=\"Los 5 refuerzos de Cruz Azul que fracasaron por lesiones 2\" srcset=\"http:\/\/desarrollo.grupomedios.com\/futbol\/wp-content\/uploads\/2016\/11\/Cubo-Torres.jpg 858w, http:\/\/desarrollo.grupomedios.com\/futbol\/wp-content\/uploads\/2016\/11\/Cubo-Torres-300x151.jpg 300w, http:\/\/desarrollo.grupomedios.com\/futbol\/wp-content\/uploads\/2016\/11\/Cubo-Torres-768x386.jpg 768w, http:\/\/desarrollo.grupomedios.com\/futbol\/wp-content\/uploads\/2016\/11\/Cubo-Torres-340x171.jpg 340w\" sizes=\"(max-width: 858px) 100vw, 858px\" \/><\/p>\n<p><span style=\"color: #3366ff;\">V\u00edctor V\u00e1zquez<\/span><\/p>\n<p>El espa\u00f1ol lleg\u00f3 como una de las nuevas figuras de Cruz Azul luego de su paso por el <strong>Brujas<\/strong> de B\u00e9lgica y haber salido de <strong>La Mas\u00eda<\/strong> con el <strong>Barcelona<\/strong>. V\u00e1zquez apenas disput\u00f3 nueve partidos y marc\u00f3 un gol, pero una lesi\u00f3n evit\u00f3 que siguiera con su buen ritmo y anunci\u00f3 su descontento en la Ciudad de M\u00e9xico, march\u00e1ndose al <strong>Toronto FC<\/strong> de la MLS.<\/p>\n<p><img decoding=\"async\" loading=\"lazy\" class=\"alignnone size-full wp-image-457200\" src=\"https:\/\/www.futboltotal.com.mx\/wp-content\/uploads\/2017\/01\/Victor-Vazquez.jpg\" alt=\"Los 5 refuerzos de Cruz Azul que fracasaron por lesiones 3\" srcset=\"http:\/\/desarrollo.grupomedios.com\/futbol\/wp-content\/uploads\/2017\/01\/Victor-Vazquez.jpg 1136w, http:\/\/desarrollo.grupomedios.com\/futbol\/wp-content\/uploads\/2017\/01\/Victor-Vazquez-300x169.jpg 300w, http:\/\/desarrollo.grupomedios.com\/futbol\/wp-content\/uploads\/2017\/01\/Victor-Vazquez-768x432.jpg 768w, http:\/\/desarrollo.grupomedios.com\/futbol\/wp-content\/uploads\/2017\/01\/Victor-Vazquez-1024x576.jpg 1024w, http:\/\/desarrollo.grupomedios.com\/futbol\/wp-content\/uploads\/2017\/01\/Victor-Vazquez-317x178.jpg 317w, http:\/\/desarrollo.grupomedios.com\/futbol\/wp-content\/uploads\/2017\/01\/Victor-Vazquez-535x301.jpg 535w, http:\/\/desarrollo.grupomedios.com\/futbol\/wp-content\/uploads\/2017\/01\/Victor-Vazquez-374x210.jpg 374w\" sizes=\"(max-width: 1136px) 100vw, 1136px\" \/><\/p>\n<p><span style=\"color: #3366ff;\">Federico Carrizo<\/span><\/p>\n<p>El delantero argentino lleg\u00f3 procedente de <strong>Boca Juniors<\/strong> en 2015 pero no pudo debutar hasta la Jornada 10 del Clausura 2015. Carrizo disput\u00f3 ocho encuentros -cuatro de<strong> Liga MX<\/strong> y cuatro de <strong>Copa MX<\/strong>&#8211; y s\u00f3lo asisti\u00f3 una vez, para salir del equipo luego de un semestre y regresar al club due\u00f1o de su carta.<\/p>\n<p><img decoding=\"async\" loading=\"lazy\" class=\"alignnone size-full wp-image-517378\" src=\"https:\/\/www.futboltotal.com.mx\/wp-content\/uploads\/2018\/02\/federico-carrizo-cruz-azul.jpg\" alt=\"Los 5 refuerzos de Cruz Azul que fracasaron por lesiones 4\" srcset=\"http:\/\/desarrollo.grupomedios.com\/futbol\/wp-content\/uploads\/2018\/02\/federico-carrizo-cruz-azul.jpg 1136w, http:\/\/desarrollo.grupomedios.com\/futbol\/wp-content\/uploads\/2018\/02\/federico-carrizo-cruz-azul-300x169.jpg 300w, http:\/\/desarrollo.grupomedios.com\/futbol\/wp-content\/uploads\/2018\/02\/federico-carrizo-cruz-azul-768x432.jpg 768w, http:\/\/desarrollo.grupomedios.com\/futbol\/wp-content\/uploads\/2018\/02\/federico-carrizo-cruz-azul-1024x576.jpg 1024w, http:\/\/desarrollo.grupomedios.com\/futbol\/wp-content\/uploads\/2018\/02\/federico-carrizo-cruz-azul-393x221.jpg 393w\" sizes=\"(max-width: 1136px) 100vw, 1136px\" \/><\/p>\n<p>&nbsp;<\/p>\n","protected":false},"excerpt":{"rendered":"<p>Estos jugadores llegaron a lastimarse y fracasar con La M\u00e1quina.<\/p>\n","protected":false},"author":129,"featured_media":517379,"comment_status":"closed","ping_status":"closed","sticky":false,"template":"","format":"standard","meta":[],"categories":[7570,2198,3845],"tags":[5962,7155],"_links":{"self":[{"href":"http:\/\/desarrollo.grupomedios.com\/futbol\/wp-json\/wp\/v2\/posts\/517375"}],"collection":[{"href":"http:\/\/desarrollo.grupomedios.com\/futbol\/wp-json\/wp\/v2\/posts"}],"about":[{"href":"http:\/\/desarrollo.grupomedios.com\/futbol\/wp-json\/wp\/v2\/types\/post"}],"author":[{"embeddable":true,"href":"http:\/\/desarrollo.grupomedios.com\/futbol\/wp-json\/wp\/v2\/users\/129"}],"replies":[{"embeddable":true,"href":"http:\/\/desarrollo.grupomedios.com\/futbol\/wp-json\/wp\/v2\/comments?post=517375"}],"version-history":[{"count":2,"href":"http:\/\/desarrollo.grupomedios.com\/futbol\/wp-json\/wp\/v2\/posts\/517375\/revisions"}],"predecessor-version":[{"id":517384,"href":"http:\/\/desarrollo.grupomedios.com\/futbol\/wp-json\/wp\/v2\/posts\/517375\/revisions\/517384"}],"wp:featuredmedia":[{"embeddable":true,"href":"http:\/\/desarrollo.grupomedios.com\/futbol\/wp-json\/wp\/v2\/media\/517379"}],"wp:attachment":[{"href":"http:\/\/desarrollo.grupomedios.com\/futbol\/wp-json\/wp\/v2\/media?parent=517375"}],"wp:term":[{"taxonomy":"category","embeddable":true,"href":"http:\/\/desarrollo.grupomedios.com\/futbol\/wp-json\/wp\/v2\/categories?post=517375"},{"taxonomy":"post_tag","embeddable":true,"href":"http:\/\/desarrollo.grupomedios.com\/futbol\/wp-json\/wp\/v2\/tags?post=517375"}],"curies":[{"name":"wp","href":"https:\/\/api.w.org\/{rel}","templated":true}]}}