{"id":517404,"date":"2018-02-12T13:11:54","date_gmt":"2018-02-12T19:11:54","guid":{"rendered":"https:\/\/www.futboltotal.com.mx\/?p=517404"},"modified":"2018-02-12T13:11:54","modified_gmt":"2018-02-12T19:11:54","slug":"final-la-copa-del-rey-barcelona-sevilla-en-wanda-metropolitano","status":"publish","type":"post","link":"http:\/\/desarrollo.grupomedios.com\/futbol\/futbol-internacional\/final-la-copa-del-rey-barcelona-sevilla-en-wanda-metropolitano\/2018\/02","title":{"rendered":"Final de la Copa del Rey entre Barcelona y Sevilla, en el Wanda Metropolitano"},"content":{"rendered":"<p>La <strong>final de la Copa del Rey<\/strong> que disputar\u00e1n el<strong> Barcelona<\/strong> y el <strong>Sevilla<\/strong> ser\u00e1 el s\u00e1bado 21 de abril en el <strong>estadio Wanda Metropolitano<\/strong>, seg\u00fan se ha decidido este lunes en la sede de la <strong>Real Federaci\u00f3n Espa\u00f1ola de F\u00fatbol (RFEF)<\/strong>.<\/p>\n<blockquote class=\"twitter-tweet\" data-data-dnt=\"true\">\n<p lang=\"es\" dir=\"ltr\">El Wanda <a href=\"https:\/\/twitter.com\/Metropolitano?ref_src=twsrc%5Etfw\">@Metropolitano<\/a> acoger\u00e1 la final de la <a href=\"https:\/\/twitter.com\/hashtag\/CopaDelRey?src=hash&amp;ref_src=twsrc%5Etfw\">#CopaDelRey<\/a> que disputar\u00e1n el <a href=\"https:\/\/twitter.com\/FCBarcelona_es?ref_src=twsrc%5Etfw\">@FCBarcelona_es<\/a> y el <a href=\"https:\/\/twitter.com\/SevillaFC?ref_src=twsrc%5Etfw\">@SevillaFC<\/a> el pr\u00f3ximo 21 de abril. \ud83c\udfdf\ud83c\udfc6 <a href=\"https:\/\/t.co\/3glH1Z99IW\">pic.twitter.com\/3glH1Z99IW<\/a><\/p>\n<p>&mdash; LALIGA (@LaLiga) <a href=\"https:\/\/twitter.com\/LaLiga\/status\/963086135592390656?ref_src=twsrc%5Etfw\">February 12, 2018<\/a><\/p><\/blockquote>\n<p><script async src=\"https:\/\/platform.twitter.com\/widgets.js\" charset=\"utf-8\"><\/script><\/p>\n<p>Representantes de Sevilla y Barcelona se reunieron sobre las 15.00 hora local, antes de la reuni\u00f3n de la junta gestora de la RFEF prevista para las 16.00 para consensuar el estadio de la final, en un encuentro en el que tambi\u00e9n se baraj\u00f3 el <strong>Estadio de La Cartuja<\/strong> como escenario del partido por el t\u00edtulo de la Copa.<\/p>\n<p>Ambos equipos buscaban que se jugar\u00e1 la Final en el <strong>Estadio Santiago Bernab\u00e9u<\/strong>, pero como ha sucedido en los \u00faltimos a\u00f1os que el Barcelona llega a la Final, el Presidente de los <em>Merengues,<\/em> <strong>Florentino P\u00e9rez,<\/strong> se neg\u00f3 a que los <em>Blaugranas<\/em> puedan levantar un t\u00edtulo en su campo.<\/p>\n<p style=\"text-align: center;\"><span style=\"color: #3366ff;\"><a href=\"https:\/\/www.futboltotal.com.mx\/futbol-internacional\/champions-league\/adidas-lanza-balon-las-eliminatorias-la-champions-league\/2018\/02\">VER M\u00c1S: Adidas lanza bal\u00f3n para las eliminatorias de la Champions League<\/a><\/span><\/p>\n<p>Las \u00faltimas finales se han jugado en el<strong> Estadio Vicente Calder\u00f3n<\/strong> y en <strong>Mestalla<\/strong>, adem\u00e1s de que el <strong>Camp Nou<\/strong> tambi\u00e9n sirvi\u00f3 como sede de la edici\u00f3n del 2015 cuando el Barcelona gole\u00f3 3-0 al Athletic Bilbao, donde Ernesto Valverde se encontraba en el banquillo de los vascos.<\/p>\n<p>Esta ser\u00e1 la primera Final que reciba el nuevo estadio del <strong>Atl\u00e9tico de Madrid<\/strong> que fue inaugurado esta temporada, pues tambi\u00e9n ser\u00e1 sede de la Final de la <strong>UEFA Champions League 2019.<\/strong><\/p>\n<p><img decoding=\"async\" loading=\"lazy\" class=\"alignnone size-full wp-image-517405\" src=\"https:\/\/www.futboltotal.com.mx\/wp-content\/uploads\/2018\/02\/estadio-wanda-metropolitano.jpg\" alt=\"Final de la Copa del Rey entre Barcelona y Sevilla, en el Wanda Metropolitano 0\" srcset=\"http:\/\/desarrollo.grupomedios.com\/futbol\/wp-content\/uploads\/2018\/02\/estadio-wanda-metropolitano.jpg 1136w, http:\/\/desarrollo.grupomedios.com\/futbol\/wp-content\/uploads\/2018\/02\/estadio-wanda-metropolitano-300x169.jpg 300w, http:\/\/desarrollo.grupomedios.com\/futbol\/wp-content\/uploads\/2018\/02\/estadio-wanda-metropolitano-768x432.jpg 768w, http:\/\/desarrollo.grupomedios.com\/futbol\/wp-content\/uploads\/2018\/02\/estadio-wanda-metropolitano-1024x576.jpg 1024w, http:\/\/desarrollo.grupomedios.com\/futbol\/wp-content\/uploads\/2018\/02\/estadio-wanda-metropolitano-393x221.jpg 393w\" sizes=\"(max-width: 1136px) 100vw, 1136px\" \/><\/p>\n<p>&nbsp;<\/p>\n<p>&nbsp;<\/p>\n","protected":false},"excerpt":{"rendered":"<p>El nuevo estadio del Atleti tendr\u00e1 su primera Final.<\/p>\n","protected":false},"author":129,"featured_media":517405,"comment_status":"closed","ping_status":"closed","sticky":false,"template":"","format":"standard","meta":[],"categories":[3839],"tags":[6007,5984,11763,96,11762,3665,49],"_links":{"self":[{"href":"http:\/\/desarrollo.grupomedios.com\/futbol\/wp-json\/wp\/v2\/posts\/517404"}],"collection":[{"href":"http:\/\/desarrollo.grupomedios.com\/futbol\/wp-json\/wp\/v2\/posts"}],"about":[{"href":"http:\/\/desarrollo.grupomedios.com\/futbol\/wp-json\/wp\/v2\/types\/post"}],"author":[{"embeddable":true,"href":"http:\/\/desarrollo.grupomedios.com\/futbol\/wp-json\/wp\/v2\/users\/129"}],"replies":[{"embeddable":true,"href":"http:\/\/desarrollo.grupomedios.com\/futbol\/wp-json\/wp\/v2\/comments?post=517404"}],"version-history":[{"count":1,"href":"http:\/\/desarrollo.grupomedios.com\/futbol\/wp-json\/wp\/v2\/posts\/517404\/revisions"}],"predecessor-version":[{"id":517406,"href":"http:\/\/desarrollo.grupomedios.com\/futbol\/wp-json\/wp\/v2\/posts\/517404\/revisions\/517406"}],"wp:featuredmedia":[{"embeddable":true,"href":"http:\/\/desarrollo.grupomedios.com\/futbol\/wp-json\/wp\/v2\/media\/517405"}],"wp:attachment":[{"href":"http:\/\/desarrollo.grupomedios.com\/futbol\/wp-json\/wp\/v2\/media?parent=517404"}],"wp:term":[{"taxonomy":"category","embeddable":true,"href":"http:\/\/desarrollo.grupomedios.com\/futbol\/wp-json\/wp\/v2\/categories?post=517404"},{"taxonomy":"post_tag","embeddable":true,"href":"http:\/\/desarrollo.grupomedios.com\/futbol\/wp-json\/wp\/v2\/tags?post=517404"}],"curies":[{"name":"wp","href":"https:\/\/api.w.org\/{rel}","templated":true}]}}