{"id":517407,"date":"2018-02-12T14:44:33","date_gmt":"2018-02-12T20:44:33","guid":{"rendered":"https:\/\/www.futboltotal.com.mx\/?p=517407"},"modified":"2018-02-12T14:46:03","modified_gmt":"2018-02-12T20:46:03","slug":"boca-juniors-barcelona-se-enfrentaran-en-camp-nou","status":"publish","type":"post","link":"http:\/\/desarrollo.grupomedios.com\/futbol\/futbol-internacional\/boca-juniors-barcelona-se-enfrentaran-en-camp-nou\/2018\/02","title":{"rendered":"Barcelona y Boca Juniors se enfrentar\u00e1n en el Camp Nou"},"content":{"rendered":"<p>Despu\u00e9s de la Copa del Mundo, se viene este interesante encuentro. El <strong>Barcelona<\/strong> dio a conocer al equipo que ser\u00e1 su rival en la ya tradicional<strong><em> Copa Joan Gamper.<\/em><\/strong><\/p>\n<p><mark><strong>Boca Juniors<\/strong> de Argentina se enfrentar\u00e1 al <strong>Bar\u00e7a,<\/strong> en el pr\u00f3ximo mes de agosto.<\/mark> El <strong><em>Gamper,<\/em><\/strong> como le dicen en Espa\u00f1a, se realiza anualmente en esa ciudad espa\u00f1ola, antes del inicio de la temporada oficial del f\u00fatbol europeo. El presidente de Boca, <strong>Daniel Angelici,<\/strong> confirm\u00f3 hoy de manera oficial esta noticia durante una entrevista en el programa Boca de Selecci\u00f3n de la<em> Radio Cooperativa<\/em> del pa\u00eds sudamericano.<\/p>\n<p style=\"text-align: center;\"><a href=\"https:\/\/www.futboltotal.com.mx\/futbol-internacional\/river-plate-vence-a-boca-juniors-se-lleva-primer-superclasico-2018\/2018\/01\">VER M\u00c1S: River Plate vence a Boca Juniors y se lleva el primer Supercl\u00e1sico de 2018<\/a><\/p>\n<p>Las conversaciones entre el equipo <em>xeneize<\/em> y el cuadro <em>blaugrana<\/em> arrancaron en diciembre, y despu\u00e9s de que cada uno ajust\u00f3 fechas en sus respectivos calendarios, todo qued\u00f3 listo. S\u00f3lo queda confirmar la fecha exacta del enfrentamiento.<\/p>\n<p><mark>La<strong>Copa Joan Gamper<\/strong>\u00a0se disputa desde 1966 en el <strong>Camp Nou<\/strong><\/mark> y lleva ese nombre en homenaje al fundador y cinco veces presidente del club catal\u00e1n. <strong>Boca<\/strong> particip\u00f3 cinco veces en esta copa. El a\u00f1o pasado, <strong>Barcelona<\/strong> se enfrent\u00f3 al <strong>Chapecoense<\/strong> de Brasil en un juego en el que el equipo de <strong>Lionel Messi<\/strong> (que adem\u00e1s es el m\u00e1ximo goleador del mismo con 8 tantos) venci\u00f3 de manera contundente por 5-0.<\/p>\n<p><img decoding=\"async\" loading=\"lazy\" class=\"wp-image-517417 aligncenter\" src=\"https:\/\/www.futboltotal.com.mx\/wp-content\/uploads\/2018\/02\/copa1-1024x576.jpg\" alt=\"Barcelona y Boca Juniors se enfrentar\u00e1n en el Camp Nou 0\" srcset=\"http:\/\/desarrollo.grupomedios.com\/futbol\/wp-content\/uploads\/2018\/02\/copa1-1024x576.jpg 1024w, http:\/\/desarrollo.grupomedios.com\/futbol\/wp-content\/uploads\/2018\/02\/copa1-300x169.jpg 300w, http:\/\/desarrollo.grupomedios.com\/futbol\/wp-content\/uploads\/2018\/02\/copa1-768x432.jpg 768w, http:\/\/desarrollo.grupomedios.com\/futbol\/wp-content\/uploads\/2018\/02\/copa1-393x221.jpg 393w, http:\/\/desarrollo.grupomedios.com\/futbol\/wp-content\/uploads\/2018\/02\/copa1.jpg 1136w\" sizes=\"(max-width: 745px) 100vw, 745px\" \/><\/p>\n","protected":false},"excerpt":{"rendered":"<p>Messi y T\u00e9vez, en un encuentro que promete.<\/p>\n","protected":false},"author":165,"featured_media":517418,"comment_status":"closed","ping_status":"closed","sticky":false,"template":"","format":"standard","meta":[],"categories":[3839,3844],"tags":[10192,5984,11764,2514,1683,1741,11765,6012,248,2513],"_links":{"self":[{"href":"http:\/\/desarrollo.grupomedios.com\/futbol\/wp-json\/wp\/v2\/posts\/517407"}],"collection":[{"href":"http:\/\/desarrollo.grupomedios.com\/futbol\/wp-json\/wp\/v2\/posts"}],"about":[{"href":"http:\/\/desarrollo.grupomedios.com\/futbol\/wp-json\/wp\/v2\/types\/post"}],"author":[{"embeddable":true,"href":"http:\/\/desarrollo.grupomedios.com\/futbol\/wp-json\/wp\/v2\/users\/165"}],"replies":[{"embeddable":true,"href":"http:\/\/desarrollo.grupomedios.com\/futbol\/wp-json\/wp\/v2\/comments?post=517407"}],"version-history":[{"count":2,"href":"http:\/\/desarrollo.grupomedios.com\/futbol\/wp-json\/wp\/v2\/posts\/517407\/revisions"}],"predecessor-version":[{"id":517420,"href":"http:\/\/desarrollo.grupomedios.com\/futbol\/wp-json\/wp\/v2\/posts\/517407\/revisions\/517420"}],"wp:featuredmedia":[{"embeddable":true,"href":"http:\/\/desarrollo.grupomedios.com\/futbol\/wp-json\/wp\/v2\/media\/517418"}],"wp:attachment":[{"href":"http:\/\/desarrollo.grupomedios.com\/futbol\/wp-json\/wp\/v2\/media?parent=517407"}],"wp:term":[{"taxonomy":"category","embeddable":true,"href":"http:\/\/desarrollo.grupomedios.com\/futbol\/wp-json\/wp\/v2\/categories?post=517407"},{"taxonomy":"post_tag","embeddable":true,"href":"http:\/\/desarrollo.grupomedios.com\/futbol\/wp-json\/wp\/v2\/tags?post=517407"}],"curies":[{"name":"wp","href":"https:\/\/api.w.org\/{rel}","templated":true}]}}