{"id":517411,"date":"2018-02-12T13:52:23","date_gmt":"2018-02-12T19:52:23","guid":{"rendered":"https:\/\/www.futboltotal.com.mx\/?p=517411"},"modified":"2018-02-12T13:52:23","modified_gmt":"2018-02-12T19:52:23","slug":"gignac-revela-pudo-haber-salido-tigres","status":"publish","type":"post","link":"http:\/\/desarrollo.grupomedios.com\/futbol\/futbol-mexicano\/gignac-revela-pudo-haber-salido-tigres\/2018\/02","title":{"rendered":"Gignac revela que pudo haber salido de Tigres"},"content":{"rendered":"<p>Luego de su gran rendimiento que ha tenido en su paso por los <strong>Tigres<\/strong>, el franc\u00e9s <strong>Andr\u00e9-Pierre Gignac<\/strong> ha sido vinculado con varios equipos para regresar al futbol europeo o la <strong>MLS<\/strong> con el conjunto del <strong>Galaxy<\/strong>.<\/p>\n<p>En una entrevista con el club felino, Gignac confes\u00f3 que s\u00ed recibi\u00f3 varias ofertas pero nunca ha dudado de seguir con el equipo de Nuevo Le\u00f3n, pues ya lleva tres a\u00f1os en <strong>M\u00e9xico<\/strong>.<\/p>\n<p>&nbsp;<\/p>\n<p>\u201c<mark>No tengo nada que esconder, recib\u00ed un mont\u00f3n de ofertas, pero nunca quise irme, habl\u00e9 con mi familia, era regresar a Europa; me siento s\u00faper feliz aqu\u00ed con mi familia y no quise, rechac\u00e9 las ofertas y sigo aqu\u00ed en Tigres<\/mark>\u201d, dijo en entrevista con el club felino.<\/p>\n<p style=\"text-align: center;\"><span style=\"color: #3366ff;\"><a href=\"https:\/\/www.futboltotal.com.mx\/futbol-mexicano\/liga-mx\/golazo-jeremy-menez-en-entrenamiento-del-america\/2018\/02\">VER M\u00c1S: El golazo de J\u00e9r\u00e9my M\u00e9nez en el entrenamiento del Am\u00e9rica<\/a><\/span><\/p>\n<p><em>Dede<\/em> que no extra\u00f1a la vida en Europa, solo a sus hijos mayores, pero el estar jugando en <strong>M\u00e9xico<\/strong> es parte de su trabajo y lo hace por ellos.<\/p>\n<p>\u201cNo tanto, mi familia, pero lo que me falta m\u00e1s son mis dos grandes hijos, que s\u00ed los extra\u00f1os, es algo dif\u00edcil, pero lo hago por ellos tambi\u00e9n, porque si estoy aqu\u00ed es para hacer mi trabajo y es para el futuro de mis hijos, es complicado, pero es la vida\u201d, expres\u00f3.<\/p>\n<p><strong>Gignac<\/strong> coment\u00f3 que vivir en <strong>Monterrey<\/strong> y estar en el conjunto de la <strong>UANL<\/strong> lo hace feliz, pues en M\u00e9xico \u00e9l y su familia tuvieron un c\u00e1lido recibimiento.<\/p>\n<p>\u201cLos dos, porque t<mark>enemos suerte de tener una ciudad incre\u00edble, hermosa, la gente del norte del pa\u00eds est\u00e1 incre\u00edble, como recibieron a mi familia, el club, la gente afuera y el respeto que hay, el mexicano es muy noble, entonces vivir en este pa\u00eds y estar en Tigres, me hace feliz<\/mark>\u201d, finaliz\u00f3.<\/p>\n<p style=\"text-align: center;\"><span style=\"color: #3366ff;\"><a href=\"https:\/\/www.futboltotal.com.mx\/futbol-mexicano\/liga-mx\/los-refuerzos-cruz-azul-fracasaron-lesiones\/2018\/02\">VER M\u00c1S: Los 5 refuerzos de Cruz Azul que fracasaron por lesiones<\/a><\/span><\/p>\n<p><iframe loading=\"lazy\" src=\"https:\/\/www.youtube.com\/embed\/F0mu27lSvZY\" frameborder=\"0\" allowfullscreen=\"allowfullscreen\"><\/iframe><\/p>\n","protected":false},"excerpt":{"rendered":"<p>El franc\u00e9s asegur\u00f3 que es muy feliz en M\u00e9xico.<\/p>\n","protected":false},"author":129,"featured_media":516983,"comment_status":"closed","ping_status":"closed","sticky":false,"template":"","format":"standard","meta":[],"categories":[2198,3845],"tags":[5564,3883,416,64,195,5973],"_links":{"self":[{"href":"http:\/\/desarrollo.grupomedios.com\/futbol\/wp-json\/wp\/v2\/posts\/517411"}],"collection":[{"href":"http:\/\/desarrollo.grupomedios.com\/futbol\/wp-json\/wp\/v2\/posts"}],"about":[{"href":"http:\/\/desarrollo.grupomedios.com\/futbol\/wp-json\/wp\/v2\/types\/post"}],"author":[{"embeddable":true,"href":"http:\/\/desarrollo.grupomedios.com\/futbol\/wp-json\/wp\/v2\/users\/129"}],"replies":[{"embeddable":true,"href":"http:\/\/desarrollo.grupomedios.com\/futbol\/wp-json\/wp\/v2\/comments?post=517411"}],"version-history":[{"count":1,"href":"http:\/\/desarrollo.grupomedios.com\/futbol\/wp-json\/wp\/v2\/posts\/517411\/revisions"}],"predecessor-version":[{"id":517412,"href":"http:\/\/desarrollo.grupomedios.com\/futbol\/wp-json\/wp\/v2\/posts\/517411\/revisions\/517412"}],"wp:featuredmedia":[{"embeddable":true,"href":"http:\/\/desarrollo.grupomedios.com\/futbol\/wp-json\/wp\/v2\/media\/516983"}],"wp:attachment":[{"href":"http:\/\/desarrollo.grupomedios.com\/futbol\/wp-json\/wp\/v2\/media?parent=517411"}],"wp:term":[{"taxonomy":"category","embeddable":true,"href":"http:\/\/desarrollo.grupomedios.com\/futbol\/wp-json\/wp\/v2\/categories?post=517411"},{"taxonomy":"post_tag","embeddable":true,"href":"http:\/\/desarrollo.grupomedios.com\/futbol\/wp-json\/wp\/v2\/tags?post=517411"}],"curies":[{"name":"wp","href":"https:\/\/api.w.org\/{rel}","templated":true}]}}