{"id":517451,"date":"2018-02-12T17:58:44","date_gmt":"2018-02-12T23:58:44","guid":{"rendered":"https:\/\/www.futboltotal.com.mx\/?p=517451"},"modified":"2018-02-12T17:59:39","modified_gmt":"2018-02-12T23:59:39","slug":"alvaro-morata-video-esposa-chelsea","status":"publish","type":"post","link":"http:\/\/desarrollo.grupomedios.com\/futbol\/futbol-internacional\/alvaro-morata-video-esposa-chelsea\/2018\/02","title":{"rendered":"Alvaro Morata y el video con su esposa que enoja al Chelsea"},"content":{"rendered":"<p><strong>Alvaro Morata<\/strong> no juega con el <strong>Chelsea<\/strong> desde el 17 de enero, cuando disput\u00f3 40 minutos del partido de la <strong>FA Cup<\/strong> ante el <strong>Norwich<\/strong> en el que fue expulsado en el \u00faltimo minuto. Desde entonces, el delantero espa\u00f1ol se perdi\u00f3 de cinco juegos. La explicaci\u00f3n oficial del club londinense es que est\u00e1 lesionado. Las molestias que tiene el jugador son todav\u00eda una inc\u00f3gnita, y tampoco se sabe exactamente cu\u00e1ndo volver\u00e1 a presentarse en el campo de juego. <mark>Todo indica que no est\u00e1 prevista su inmediata recuperaci\u00f3n.<\/mark><\/p>\n<p>Su entrenador, <strong>Antonio Conte,<\/strong> lleg\u00f3 incluso a afirmar el pasado viernes que no sab\u00eda cuando regresar\u00eda <strong>Morata<\/strong> a jugar.<em> &#8220;No s\u00e9 cu\u00e1nto tiempo estar\u00e1 fuera. La situaci\u00f3n es muy seria. Si me preguntan si necesita un d\u00eda, un mes o el resto de la temporada, lo \u00fanico que puedo decir es que no lo s\u00e9&#8221;,<\/em> coment\u00f3 el t\u00e9cnico italiano.<\/p>\n<p>Todo era normal en la lesi\u00f3n de <strong>\u00c1lvaro<\/strong> y ten\u00eda el completo respaldo de la afici\u00f3n <em>blue,<\/em> <mark>pero las cosas cambiaron en las \u00faltimas horas.<\/mark> Su esposa, la italiana <strong>Alice Campello,<\/strong> poste\u00f3 en sus redes sociales un v\u00eddeo en el que salen ambos bailando, y en Inglaterra se cre\u00f3 la pol\u00e9mica. Muchos aficionados del <strong>Chelsea<\/strong> est\u00e1n indignados, ya que si el jugador est\u00e1 lesionado,<strong><em> <mark>\u00bfPor qu\u00e9 baila con su esposa y hasta la carga?<\/mark>\u00a0<\/em><\/strong><\/p>\n<p>Lo que deb\u00eda ser un hermoso video de amor entre la modelo y el futbolista, que est\u00e1n esperando gemelos tras varios a\u00f1os de relaci\u00f3n, <mark>se termin\u00f3 convirtiendo en un blanco de cr\u00edticas para <strong>Morata.<\/strong><\/mark> Algunos comentarios le reprochan que si est\u00e1 lesionado desde hace m\u00e1s de un mes, esos bailes podr\u00edan empeorar su salud y seguir postergando sus compromisos con el club londinense.<\/p>\n<p>El v\u00eddeo, que fue subido a la cuenta de <strong><em>Instagram<\/em><\/strong> de<strong> Alice Campello,<\/strong> fue posteriormente borrado ante la enorme cantidad de reproches de los aficionados.<\/p>\n<p style=\"text-align: center;\"><iframe loading=\"lazy\" src=\"https:\/\/www.youtube.com\/embed\/uhg3mC2F2CM\" frameborder=\"0\" allowfullscreen=\"allowfullscreen\"><\/iframe><\/p>\n","protected":false},"excerpt":{"rendered":"<p>El delantero espa\u00f1ol no juega por un dolor de espalda, pero ahora se lo ve bailando con su mujer y carg\u00e1ndola en sus brazos.<\/p>\n","protected":false},"author":165,"featured_media":517456,"comment_status":"closed","ping_status":"closed","sticky":false,"template":"","format":"standard","meta":[],"categories":[3839,3846],"tags":[11413,3001,5981,8745,5789,1641,334,2844],"_links":{"self":[{"href":"http:\/\/desarrollo.grupomedios.com\/futbol\/wp-json\/wp\/v2\/posts\/517451"}],"collection":[{"href":"http:\/\/desarrollo.grupomedios.com\/futbol\/wp-json\/wp\/v2\/posts"}],"about":[{"href":"http:\/\/desarrollo.grupomedios.com\/futbol\/wp-json\/wp\/v2\/types\/post"}],"author":[{"embeddable":true,"href":"http:\/\/desarrollo.grupomedios.com\/futbol\/wp-json\/wp\/v2\/users\/165"}],"replies":[{"embeddable":true,"href":"http:\/\/desarrollo.grupomedios.com\/futbol\/wp-json\/wp\/v2\/comments?post=517451"}],"version-history":[{"count":1,"href":"http:\/\/desarrollo.grupomedios.com\/futbol\/wp-json\/wp\/v2\/posts\/517451\/revisions"}],"predecessor-version":[{"id":517457,"href":"http:\/\/desarrollo.grupomedios.com\/futbol\/wp-json\/wp\/v2\/posts\/517451\/revisions\/517457"}],"wp:featuredmedia":[{"embeddable":true,"href":"http:\/\/desarrollo.grupomedios.com\/futbol\/wp-json\/wp\/v2\/media\/517456"}],"wp:attachment":[{"href":"http:\/\/desarrollo.grupomedios.com\/futbol\/wp-json\/wp\/v2\/media?parent=517451"}],"wp:term":[{"taxonomy":"category","embeddable":true,"href":"http:\/\/desarrollo.grupomedios.com\/futbol\/wp-json\/wp\/v2\/categories?post=517451"},{"taxonomy":"post_tag","embeddable":true,"href":"http:\/\/desarrollo.grupomedios.com\/futbol\/wp-json\/wp\/v2\/tags?post=517451"}],"curies":[{"name":"wp","href":"https:\/\/api.w.org\/{rel}","templated":true}]}}