{"id":517472,"date":"2018-02-14T09:38:49","date_gmt":"2018-02-14T15:38:49","guid":{"rendered":"https:\/\/www.futboltotal.com.mx\/?p=517472"},"modified":"2018-02-14T09:43:16","modified_gmt":"2018-02-14T15:43:16","slug":"champions-league-mexico-a-mantener-la-supervivencia","status":"publish","type":"post","link":"http:\/\/desarrollo.grupomedios.com\/futbol\/destacado-home\/champions-league-mexico-a-mantener-la-supervivencia\/2018\/02","title":{"rendered":"Champions League: M\u00e9xico, a mantener la supervivencia"},"content":{"rendered":"<p>Ha iniciado la fase de octavos de final de la <strong>UEFA Champions League<\/strong> en su edici\u00f3n 2017-18, y tres mexicanos tendr\u00e1n la oportunidad de representar a nuestro pa\u00eds en la justa copera m\u00e1s importante de clubes del mundo.<\/p>\n<p>El <strong>Porto<\/strong>, que se ha convertido en un verdadero semillero de mexicanos, tendr\u00e1 a la legi\u00f3n mexicana extranjera completa en octavos de final para encarar su duelo contra el Liverpool. <strong>Diego Reyes, H\u00e9ctor Herrera y Jes\u00fas &#8216;Tecatito&#8217; Corona<\/strong> aparecen en escena este mi\u00e9rcoles para iniciar la aventura europea.<\/p>\n<p style=\"text-align: center;\"><span style=\"color: #333399;\"><a href=\"https:\/\/www.futboltotal.com.mx\/futbol-internacional\/hector-herrera-confiesa-idolo-ex-del-america\/2018\/02\">VER M\u00c1S:\u00a0<span class=\"item-title\">H\u00e9ctor Herrera confiesa que su \u00eddolo es un ex del Am\u00e9rica<\/span><\/a><\/span><\/p>\n<p>En la historia de la Champions League para M\u00e9xico, la figura del &#8216;K\u00e1iser&#8217; michoacano <strong>Rafael M\u00e1rquez<\/strong> brilla por sobretodo los dem\u00e1s, al ser ganador en par de ocasiones del t\u00edtulo de la Champions League (2006 y 2009).<\/p>\n<p><img decoding=\"async\" loading=\"lazy\" class=\"alignnone size-full wp-image-517473\" src=\"https:\/\/www.futboltotal.com.mx\/wp-content\/uploads\/2018\/02\/rafa-barcelona-2009.jpg\" alt=\"Champions League: M\u00e9xico, a mantener la supervivencia 0\" srcset=\"http:\/\/desarrollo.grupomedios.com\/futbol\/wp-content\/uploads\/2018\/02\/rafa-barcelona-2009.jpg 1136w, http:\/\/desarrollo.grupomedios.com\/futbol\/wp-content\/uploads\/2018\/02\/rafa-barcelona-2009-300x169.jpg 300w, http:\/\/desarrollo.grupomedios.com\/futbol\/wp-content\/uploads\/2018\/02\/rafa-barcelona-2009-768x432.jpg 768w, http:\/\/desarrollo.grupomedios.com\/futbol\/wp-content\/uploads\/2018\/02\/rafa-barcelona-2009-1024x576.jpg 1024w, http:\/\/desarrollo.grupomedios.com\/futbol\/wp-content\/uploads\/2018\/02\/rafa-barcelona-2009-393x221.jpg 393w\" sizes=\"(max-width: 1136px) 100vw, 1136px\" \/><\/p>\n<p><mark>Desde hace 10 a\u00f1os, la aparici\u00f3n de futbolistas mexicanos en la competici\u00f3n internacional europea ha sido m\u00e1s prolifera, y por ahora, M\u00e9xico sigue vivo en la Liga de Campeones de Europa.<\/mark><\/p>\n<p>En 2007, <strong>Rafael M\u00e1rquez y Giovani Dos Santos<\/strong> representaron al Barcelona en la competencia. En 2008, M\u00e1rquez repiti\u00f3 con el Bar\u00e7a mientras que <strong>Carlos Vela<\/strong> apareci\u00f3 con el Arsenal.<\/p>\n<p><img decoding=\"async\" loading=\"lazy\" class=\"alignnone size-full wp-image-517474\" src=\"https:\/\/www.futboltotal.com.mx\/wp-content\/uploads\/2018\/02\/giovani-2007-barcelona.jpg\" alt=\"Champions League: M\u00e9xico, a mantener la supervivencia 1\" srcset=\"http:\/\/desarrollo.grupomedios.com\/futbol\/wp-content\/uploads\/2018\/02\/giovani-2007-barcelona.jpg 1136w, http:\/\/desarrollo.grupomedios.com\/futbol\/wp-content\/uploads\/2018\/02\/giovani-2007-barcelona-300x169.jpg 300w, http:\/\/desarrollo.grupomedios.com\/futbol\/wp-content\/uploads\/2018\/02\/giovani-2007-barcelona-768x432.jpg 768w, http:\/\/desarrollo.grupomedios.com\/futbol\/wp-content\/uploads\/2018\/02\/giovani-2007-barcelona-1024x576.jpg 1024w, http:\/\/desarrollo.grupomedios.com\/futbol\/wp-content\/uploads\/2018\/02\/giovani-2007-barcelona-393x221.jpg 393w\" sizes=\"(max-width: 1136px) 100vw, 1136px\" \/><\/p>\n<p>En 2009, Rafa y el &#8216;Bombardero&#8217; mantuvieron su estad\u00eda en octavos de final con los cul\u00e9s y los &#8216;gunners&#8217;, respectivamente. Adem\u00e1s, el ex defensa central de Cruz Azul, <strong>Ricardo Osorio<\/strong>, estuvo presente con el Stuttgart.<\/p>\n<p><img decoding=\"async\" loading=\"lazy\" class=\"alignnone size-full wp-image-517475\" src=\"https:\/\/www.futboltotal.com.mx\/wp-content\/uploads\/2018\/02\/vela-arsenal-2008.jpg\" alt=\"Champions League: M\u00e9xico, a mantener la supervivencia 2\" srcset=\"http:\/\/desarrollo.grupomedios.com\/futbol\/wp-content\/uploads\/2018\/02\/vela-arsenal-2008.jpg 1136w, http:\/\/desarrollo.grupomedios.com\/futbol\/wp-content\/uploads\/2018\/02\/vela-arsenal-2008-300x169.jpg 300w, http:\/\/desarrollo.grupomedios.com\/futbol\/wp-content\/uploads\/2018\/02\/vela-arsenal-2008-768x432.jpg 768w, http:\/\/desarrollo.grupomedios.com\/futbol\/wp-content\/uploads\/2018\/02\/vela-arsenal-2008-1024x576.jpg 1024w, http:\/\/desarrollo.grupomedios.com\/futbol\/wp-content\/uploads\/2018\/02\/vela-arsenal-2008-393x221.jpg 393w\" sizes=\"(max-width: 1136px) 100vw, 1136px\" \/><\/p>\n<p>En los siguientes dos a\u00f1os s\u00f3lo hubo un futbolista que represent\u00f3 a nuestro pa\u00eds, <strong>Javier Hern\u00e1ndez<\/strong> con Manchester United (2010) y <strong>Jonathan Dos Santos<\/strong> con Barcelona (2011).<\/p>\n<p>En 2012, el &#8216;Chicharito&#8217; apareci\u00f3 con los &#8216;Red Devils&#8217; mientras que <strong>Andr\u00e9s Guardado<\/strong> jugar\u00eda su primera justa europea con el Valencia.<\/p>\n<p><img decoding=\"async\" loading=\"lazy\" class=\"alignnone size-full wp-image-517476\" src=\"https:\/\/www.futboltotal.com.mx\/wp-content\/uploads\/2018\/02\/guardado-2012-valencia.jpg\" alt=\"Champions League: M\u00e9xico, a mantener la supervivencia 3\" srcset=\"http:\/\/desarrollo.grupomedios.com\/futbol\/wp-content\/uploads\/2018\/02\/guardado-2012-valencia.jpg 1136w, http:\/\/desarrollo.grupomedios.com\/futbol\/wp-content\/uploads\/2018\/02\/guardado-2012-valencia-300x169.jpg 300w, http:\/\/desarrollo.grupomedios.com\/futbol\/wp-content\/uploads\/2018\/02\/guardado-2012-valencia-768x432.jpg 768w, http:\/\/desarrollo.grupomedios.com\/futbol\/wp-content\/uploads\/2018\/02\/guardado-2012-valencia-1024x576.jpg 1024w, http:\/\/desarrollo.grupomedios.com\/futbol\/wp-content\/uploads\/2018\/02\/guardado-2012-valencia-393x221.jpg 393w\" sizes=\"(max-width: 1136px) 100vw, 1136px\" \/><\/p>\n<p>En 2013, Javier Hern\u00e1ndez y Jonathan Dos Santos representaron a la legi\u00f3n mexicana con ManU y <strong>Barcelona<\/strong>, respectivamente.<\/p>\n<p>En 2014 aument\u00f3 el n\u00famero de mexicanos y adem\u00e1s del &#8216;Chicharito&#8217; que brill\u00f3 en ese a\u00f1o con el Real Madrid, <strong>Ra\u00fal Jim\u00e9nez<\/strong> apareci\u00f3 con el Atl\u00e9tico de Madrid y H\u00e9ctor Herrera con el Porto de Portugal.<\/p>\n<p><img decoding=\"async\" loading=\"lazy\" class=\"alignnone size-full wp-image-517477\" src=\"https:\/\/www.futboltotal.com.mx\/wp-content\/uploads\/2018\/02\/chicharito-real-madrid-2014.jpg\" alt=\"Champions League: M\u00e9xico, a mantener la supervivencia 4\" srcset=\"http:\/\/desarrollo.grupomedios.com\/futbol\/wp-content\/uploads\/2018\/02\/chicharito-real-madrid-2014.jpg 1136w, http:\/\/desarrollo.grupomedios.com\/futbol\/wp-content\/uploads\/2018\/02\/chicharito-real-madrid-2014-300x169.jpg 300w, http:\/\/desarrollo.grupomedios.com\/futbol\/wp-content\/uploads\/2018\/02\/chicharito-real-madrid-2014-768x432.jpg 768w, http:\/\/desarrollo.grupomedios.com\/futbol\/wp-content\/uploads\/2018\/02\/chicharito-real-madrid-2014-1024x576.jpg 1024w, http:\/\/desarrollo.grupomedios.com\/futbol\/wp-content\/uploads\/2018\/02\/chicharito-real-madrid-2014-393x221.jpg 393w\" sizes=\"(max-width: 1136px) 100vw, 1136px\" \/><\/p>\n<p>En 2015, Ra\u00fal Jim\u00e9nez apareci\u00f3 con la camiseta del Benfica mientras que <strong>Andr\u00e9s Guardado y H\u00e9ctor Moreno<\/strong> defendieron los colores del PSV Eindhoven.<\/p>\n<p><img decoding=\"async\" loading=\"lazy\" class=\"alignnone size-full wp-image-517478\" src=\"https:\/\/www.futboltotal.com.mx\/wp-content\/uploads\/2018\/02\/hector-moreno-psv-2015.jpg\" alt=\"Champions League: M\u00e9xico, a mantener la supervivencia 5\" srcset=\"http:\/\/desarrollo.grupomedios.com\/futbol\/wp-content\/uploads\/2018\/02\/hector-moreno-psv-2015.jpg 1136w, http:\/\/desarrollo.grupomedios.com\/futbol\/wp-content\/uploads\/2018\/02\/hector-moreno-psv-2015-300x169.jpg 300w, http:\/\/desarrollo.grupomedios.com\/futbol\/wp-content\/uploads\/2018\/02\/hector-moreno-psv-2015-768x432.jpg 768w, http:\/\/desarrollo.grupomedios.com\/futbol\/wp-content\/uploads\/2018\/02\/hector-moreno-psv-2015-1024x576.jpg 1024w, http:\/\/desarrollo.grupomedios.com\/futbol\/wp-content\/uploads\/2018\/02\/hector-moreno-psv-2015-393x221.jpg 393w\" sizes=\"(max-width: 1136px) 100vw, 1136px\" \/><\/p>\n<p>El 2016 fue el mejor a\u00f1o en la historia del futbol mexicano en la Champions League. <strong>Un total de seis jugadores representaron los colores tricolores en octavos de final<\/strong> y el Porto fue el gran protagonista con cuatro elementos: <strong>Diego Reyes, H\u00e9ctor Herrera, Miguel Lay\u00fan y Jes\u00fas &#8216;Tecatito&#8217; Corona.<\/strong> Javier Hern\u00e1ndez particip\u00f3 con el Bayer Leverkusen y Ra\u00fal Jim\u00e9nez con el Benfica.<\/p>\n<p><strong>\u00bfQu\u00e9 le deparar\u00e1 a los tres mexicanos en esta edici\u00f3n 2017 de la Champions League?<\/strong><\/p>\n<p><img decoding=\"async\" loading=\"lazy\" class=\"alignnone size-full wp-image-517479\" src=\"https:\/\/www.futboltotal.com.mx\/wp-content\/uploads\/2018\/02\/herrera-corona-2017.jpg\" alt=\"Champions League: M\u00e9xico, a mantener la supervivencia 6\" srcset=\"http:\/\/desarrollo.grupomedios.com\/futbol\/wp-content\/uploads\/2018\/02\/herrera-corona-2017.jpg 1136w, http:\/\/desarrollo.grupomedios.com\/futbol\/wp-content\/uploads\/2018\/02\/herrera-corona-2017-300x169.jpg 300w, http:\/\/desarrollo.grupomedios.com\/futbol\/wp-content\/uploads\/2018\/02\/herrera-corona-2017-768x432.jpg 768w, http:\/\/desarrollo.grupomedios.com\/futbol\/wp-content\/uploads\/2018\/02\/herrera-corona-2017-1024x576.jpg 1024w, http:\/\/desarrollo.grupomedios.com\/futbol\/wp-content\/uploads\/2018\/02\/herrera-corona-2017-393x221.jpg 393w\" sizes=\"(max-width: 1136px) 100vw, 1136px\" \/><\/p>\n","protected":false},"excerpt":{"rendered":"<p>Inicia la aventura para los futbolistas mexicanos con el duelo entre el Porto y el Liverpool <\/p>\n","protected":false},"author":160,"featured_media":517480,"comment_status":"closed","ping_status":"closed","sticky":false,"template":"","format":"standard","meta":[],"categories":[3841,5,3839],"tags":[6046,5984,36,549,6006,5995,5987,3770,43,1208,2044,6033,87],"_links":{"self":[{"href":"http:\/\/desarrollo.grupomedios.com\/futbol\/wp-json\/wp\/v2\/posts\/517472"}],"collection":[{"href":"http:\/\/desarrollo.grupomedios.com\/futbol\/wp-json\/wp\/v2\/posts"}],"about":[{"href":"http:\/\/desarrollo.grupomedios.com\/futbol\/wp-json\/wp\/v2\/types\/post"}],"author":[{"embeddable":true,"href":"http:\/\/desarrollo.grupomedios.com\/futbol\/wp-json\/wp\/v2\/users\/160"}],"replies":[{"embeddable":true,"href":"http:\/\/desarrollo.grupomedios.com\/futbol\/wp-json\/wp\/v2\/comments?post=517472"}],"version-history":[{"count":1,"href":"http:\/\/desarrollo.grupomedios.com\/futbol\/wp-json\/wp\/v2\/posts\/517472\/revisions"}],"predecessor-version":[{"id":517481,"href":"http:\/\/desarrollo.grupomedios.com\/futbol\/wp-json\/wp\/v2\/posts\/517472\/revisions\/517481"}],"wp:featuredmedia":[{"embeddable":true,"href":"http:\/\/desarrollo.grupomedios.com\/futbol\/wp-json\/wp\/v2\/media\/517480"}],"wp:attachment":[{"href":"http:\/\/desarrollo.grupomedios.com\/futbol\/wp-json\/wp\/v2\/media?parent=517472"}],"wp:term":[{"taxonomy":"category","embeddable":true,"href":"http:\/\/desarrollo.grupomedios.com\/futbol\/wp-json\/wp\/v2\/categories?post=517472"},{"taxonomy":"post_tag","embeddable":true,"href":"http:\/\/desarrollo.grupomedios.com\/futbol\/wp-json\/wp\/v2\/tags?post=517472"}],"curies":[{"name":"wp","href":"https:\/\/api.w.org\/{rel}","templated":true}]}}