{"id":517482,"date":"2018-02-13T08:35:28","date_gmt":"2018-02-13T14:35:28","guid":{"rendered":"https:\/\/www.futboltotal.com.mx\/?p=517482"},"modified":"2018-02-13T09:22:37","modified_gmt":"2018-02-13T15:22:37","slug":"la-volpe-tunde-al-america-carrera-diego-lainez","status":"publish","type":"post","link":"http:\/\/desarrollo.grupomedios.com\/futbol\/destacado-home\/la-volpe-tunde-al-america-carrera-diego-lainez\/2018\/02","title":{"rendered":"La Volpe tunde al Am\u00e9rica por carrera de Diego Lainez"},"content":{"rendered":"<p>El ex estratega de las <strong>\u00c1guilas del Am\u00e9rica<\/strong>,\u00a0<strong>Ricardo La Volpe,\u00a0<\/strong>fue el encargado de debutar a <strong>Diego Lainez<\/strong> en primera divisi\u00f3n, pero ahora ha sido relegado en las categor\u00edas inferiores del cuadro de Coapa e indic\u00f3 que es un desperdici\u00f3 tener al habilidoso mediocampista en las divisiones inferiores como lo ha hecho el estratega, <strong>Miguel &#8216;Piojo&#8217; Herrera<\/strong>, debido a que sus inicios le recuerdan los inicios de la carrera de\u00a0<strong>Andr\u00e9s Guardado<\/strong>.<\/p>\n<blockquote class=\"twitter-tweet\" data-lang=\"es\">\n<p dir=\"ltr\" lang=\"es\">Diego era un jugador en proceso, es decir, estaba para ir demostrando su capacidad y su gran t\u00e9cnica, pero l\u00f3gicamente agarrando experiencia. <a href=\"https:\/\/t.co\/OacLZqMezH\">https:\/\/t.co\/OacLZqMezH<\/a><\/p>\n<p>\u2014 Ricardo A La Volpe (@RicardoLaVolpeG) <a href=\"https:\/\/twitter.com\/RicardoLaVolpeG\/status\/963218808377810945?ref_src=twsrc%5Etfw\">13 de febrero de 2018<\/a><\/p><\/blockquote>\n<p><script async src=\"https:\/\/platform.twitter.com\/widgets.js\" charset=\"utf-8\"><\/script><\/p>\n<p style=\"text-align: center;\"><a href=\"https:\/\/www.futboltotal.com.mx\/futbol-mexicano\/liga-mx\/5-razones-por-las-que-toluca-si-es-grande\/2018\/02\">VER M\u00c1S: 5 razones por las que Toluca S\u00cd es un grande<\/a><\/p>\n<blockquote class=\"twitter-tweet\" data-lang=\"es\">\n<p dir=\"ltr\" lang=\"es\">Creo que en esas divisiones ya no tiene nada que aprender, eso ser\u00eda estancarlo en su carrera, porque no tendr\u00eda ninguna exigencia, todo se le har\u00eda f\u00e1cil. No todos tienen esas condiciones. Me recuerda a Guardado.<\/p>\n<p>\u2014 Ricardo A La Volpe (@RicardoLaVolpeG) <a href=\"https:\/\/twitter.com\/RicardoLaVolpeG\/status\/963218811716382720?ref_src=twsrc%5Etfw\">13 de febrero de 2018<\/a><\/p><\/blockquote>\n<p><script async src=\"https:\/\/platform.twitter.com\/widgets.js\" charset=\"utf-8\"><\/script><\/p>\n<p>Durante el <strong>Clausura 2017<\/strong> fue que que el juvenil hizo su primera aparici\u00f3n dentro del equipo, de igual forma el buen nivel que mostr\u00f3 lo llev\u00f3 a ser parte importante de la <strong>Selecci\u00f3n Mexicana<\/strong>, con quien disput\u00f3 una <strong>Copa del Mundo Sub 17<\/strong> en la India. Con el primer equipo de las \u00c1guilas ha participado en 16 encuentros, pero para el Clausura 2018 no ha tenido la oportunidad de ver acci\u00f3n pues con la llegada de refuerzos se ha quedad si un lugar dentro del equipo.<\/p>\n<p style=\"text-align: center;\"><a href=\"https:\/\/www.futboltotal.com.mx\/futbol-internacional\/champions-league\/la-champions-league-vuelve-los-octavos-final\/2018\/02\">VER M\u00c1S: \u00a1La Champions League vuelve con los Octavos de Final!<\/a><\/p>\n<div class=\"media_embed\"><\/div>\n","protected":false},"excerpt":{"rendered":"<p>El ex estratega de las \u00c1guilas no desea que el juvenil sea banca<\/p>\n","protected":false},"author":159,"featured_media":517486,"comment_status":"closed","ping_status":"closed","sticky":false,"template":"","format":"standard","meta":[],"categories":[5,2198,3845],"tags":[5959,9028,8300,64,767],"_links":{"self":[{"href":"http:\/\/desarrollo.grupomedios.com\/futbol\/wp-json\/wp\/v2\/posts\/517482"}],"collection":[{"href":"http:\/\/desarrollo.grupomedios.com\/futbol\/wp-json\/wp\/v2\/posts"}],"about":[{"href":"http:\/\/desarrollo.grupomedios.com\/futbol\/wp-json\/wp\/v2\/types\/post"}],"author":[{"embeddable":true,"href":"http:\/\/desarrollo.grupomedios.com\/futbol\/wp-json\/wp\/v2\/users\/159"}],"replies":[{"embeddable":true,"href":"http:\/\/desarrollo.grupomedios.com\/futbol\/wp-json\/wp\/v2\/comments?post=517482"}],"version-history":[{"count":1,"href":"http:\/\/desarrollo.grupomedios.com\/futbol\/wp-json\/wp\/v2\/posts\/517482\/revisions"}],"predecessor-version":[{"id":517487,"href":"http:\/\/desarrollo.grupomedios.com\/futbol\/wp-json\/wp\/v2\/posts\/517482\/revisions\/517487"}],"wp:featuredmedia":[{"embeddable":true,"href":"http:\/\/desarrollo.grupomedios.com\/futbol\/wp-json\/wp\/v2\/media\/517486"}],"wp:attachment":[{"href":"http:\/\/desarrollo.grupomedios.com\/futbol\/wp-json\/wp\/v2\/media?parent=517482"}],"wp:term":[{"taxonomy":"category","embeddable":true,"href":"http:\/\/desarrollo.grupomedios.com\/futbol\/wp-json\/wp\/v2\/categories?post=517482"},{"taxonomy":"post_tag","embeddable":true,"href":"http:\/\/desarrollo.grupomedios.com\/futbol\/wp-json\/wp\/v2\/tags?post=517482"}],"curies":[{"name":"wp","href":"https:\/\/api.w.org\/{rel}","templated":true}]}}