{"id":517522,"date":"2018-02-13T13:19:47","date_gmt":"2018-02-13T19:19:47","guid":{"rendered":"https:\/\/www.futboltotal.com.mx\/?p=517522"},"modified":"2018-02-13T13:19:47","modified_gmt":"2018-02-13T19:19:47","slug":"se-queda-darwin-quintero-saldra-del-america","status":"publish","type":"post","link":"http:\/\/desarrollo.grupomedios.com\/futbol\/futbol-mexicano\/se-queda-darwin-quintero-saldra-del-america\/2018\/02","title":{"rendered":"\u00a1Se queda! Darwin Quintero no saldr\u00e1 del Am\u00e9rica"},"content":{"rendered":"<p>El atacante de las <strong>\u00c1guilas del Am\u00e9rica, Darwin Quintero<\/strong> no saldr\u00e1 de Coapa a pesar que se esperaba su marcha en la semana pasada, sin embargo el pase con alg\u00fan equipo de la <strong>Major League Soccer<\/strong>, por este motivo el estratega <strong>Miguel Herrera<\/strong> podr\u00e1 echar mano del colombiano, ya sea para el primer equipo o la Sub-20, esto \u00faltimo fue lo que realiz\u00f3 para evitarle lesiones y evitar su salida, pero al quedarse podr\u00eda cambiar sus planes.<\/p>\n<p>De acuerdo con ESPN, luego que el equipo azulcrema le abriera las puertas al delantero para salir ante las dos posibilidades de\u00a0<strong>Vancouver Whitecaps<\/strong> y\u00a0<strong>Toronto FC<\/strong>, sin embargo la respuesta que se esperaba la semana pasada jam\u00e1s lleg\u00f3 por parte de ninguna de las franquicias canadienses.<\/p>\n<p style=\"text-align: center;\"><a href=\"https:\/\/www.futboltotal.com.mx\/futbol-mexicano\/liga-mx\/cabrito-arellano-desaparecido-denuncia-abuso\/2018\/02\">VER M\u00c1S: \u2018Cabrito\u2019 Arellano, desaparecido y con denuncia por abuso<\/a><\/p>\n<p>La dificultad principal de ambas franquicias es que por lo general buscan el fichaje de futbolistas que est\u00e1n por terminar el contrato y este no es el caso de Darwin Quintero, quien tiene contrato vigente con el cuadro americanista, por lo que <mark>habr\u00edan tenido que pagar una cuota, algo que se vislumbraba complicado.<\/mark><\/p>\n<p>Luego que pasara la Jornada 6, Quintero se qued\u00f3 por tercera fecha consecutiva sin jugar, el futbolista solicit\u00f3 participar con la Sub 20, lo \u00fanico que pod\u00eda hacer era entrenar al parejo con el equipo, pero de acuerdo con el estratega la actitud del futbolista ha sido positiva con el pasar de los d\u00edas.<\/p>\n<p style=\"text-align: center;\"><a href=\"https:\/\/www.futboltotal.com.mx\/futbol-internacional\/liga-de-espana\/3-futbolistas-pie-medio-del-real-madrid\/2018\/02\">VER M\u00c1S: 3 futbolistas que tienen pie y medio fuera del Real Madrid<\/a><\/p>\n","protected":false},"excerpt":{"rendered":"<p>El colombiano no logr\u00f3 llegar a un acuerdo en la MLS y permanecer\u00e1 en Coapa al menos este Clausura 2018<\/p>\n","protected":false},"author":159,"featured_media":517011,"comment_status":"closed","ping_status":"closed","sticky":false,"template":"","format":"standard","meta":[],"categories":[2198,3845],"tags":[1585,5959,9028,284,64,195],"_links":{"self":[{"href":"http:\/\/desarrollo.grupomedios.com\/futbol\/wp-json\/wp\/v2\/posts\/517522"}],"collection":[{"href":"http:\/\/desarrollo.grupomedios.com\/futbol\/wp-json\/wp\/v2\/posts"}],"about":[{"href":"http:\/\/desarrollo.grupomedios.com\/futbol\/wp-json\/wp\/v2\/types\/post"}],"author":[{"embeddable":true,"href":"http:\/\/desarrollo.grupomedios.com\/futbol\/wp-json\/wp\/v2\/users\/159"}],"replies":[{"embeddable":true,"href":"http:\/\/desarrollo.grupomedios.com\/futbol\/wp-json\/wp\/v2\/comments?post=517522"}],"version-history":[{"count":1,"href":"http:\/\/desarrollo.grupomedios.com\/futbol\/wp-json\/wp\/v2\/posts\/517522\/revisions"}],"predecessor-version":[{"id":517523,"href":"http:\/\/desarrollo.grupomedios.com\/futbol\/wp-json\/wp\/v2\/posts\/517522\/revisions\/517523"}],"wp:featuredmedia":[{"embeddable":true,"href":"http:\/\/desarrollo.grupomedios.com\/futbol\/wp-json\/wp\/v2\/media\/517011"}],"wp:attachment":[{"href":"http:\/\/desarrollo.grupomedios.com\/futbol\/wp-json\/wp\/v2\/media?parent=517522"}],"wp:term":[{"taxonomy":"category","embeddable":true,"href":"http:\/\/desarrollo.grupomedios.com\/futbol\/wp-json\/wp\/v2\/categories?post=517522"},{"taxonomy":"post_tag","embeddable":true,"href":"http:\/\/desarrollo.grupomedios.com\/futbol\/wp-json\/wp\/v2\/tags?post=517522"}],"curies":[{"name":"wp","href":"https:\/\/api.w.org\/{rel}","templated":true}]}}