{"id":517551,"date":"2018-02-13T18:05:39","date_gmt":"2018-02-14T00:05:39","guid":{"rendered":"https:\/\/www.futboltotal.com.mx\/?p=517551"},"modified":"2018-02-14T20:54:45","modified_gmt":"2018-02-15T02:54:45","slug":"queretaro-vs-chivas-clausura-2018-en-vivo-minuto-a-minuto","status":"publish","type":"post","link":"http:\/\/desarrollo.grupomedios.com\/futbol\/futbol-mexicano\/queretaro-vs-chivas-clausura-2018-en-vivo-minuto-a-minuto\/2018\/02","title":{"rendered":"Quer\u00e9taro vs Chivas | Clausura 2018 | EN VIVO: Minuto a minuto"},"content":{"rendered":"<div>Los <strong>Gallos Blancos del Quer\u00e9taro<\/strong> reciben la visita de las <strong>Chivas Rayadas del Guadalajara<\/strong> en duelo de la Jornada 7 del Torneo Clausura 2018 de la Liga MX.<\/div>\n<div>\n<iframe src=\"https:\/\/en-vivo.futboltotal.com.mx\/embed.php\/?id=576\" width=\"100%\" id=\"frame_minuto\"><\/iframe>\n<p>Los queretanos lograron un triunfo de oro en su visita a la casa de los Xolos y saben que tienen que sumar en casa para poder evitar la quema del descenso.<\/p>\n<\/div>\n<div>El Reba\u00f1o Sagrado est\u00e1 de capa ca\u00edda, con un equipo que no responde, un Mat\u00edas Almeyda irreconocible, y una instituci\u00f3n que no est\u00e1 para nada a la altura de toda su historia.<\/div>\n<div><\/div>\n<div><strong>\u00a1NO TE PIERDAS EL MINUTO A MINUTO DEL QUER\u00c9TARO VS CHIVAS EN PUNTO DE LAS 19:00 HORAS!<\/strong><\/div>\n","protected":false},"excerpt":{"rendered":"<p>Guadalajara busca un tanque de ox\u00edgeno en La Corregidora<\/p>\n","protected":false},"author":160,"featured_media":517552,"comment_status":"closed","ping_status":"closed","sticky":false,"template":"","format":"standard","meta":[],"categories":[2198,3845],"tags":[70,9028,575,5970],"_links":{"self":[{"href":"http:\/\/desarrollo.grupomedios.com\/futbol\/wp-json\/wp\/v2\/posts\/517551"}],"collection":[{"href":"http:\/\/desarrollo.grupomedios.com\/futbol\/wp-json\/wp\/v2\/posts"}],"about":[{"href":"http:\/\/desarrollo.grupomedios.com\/futbol\/wp-json\/wp\/v2\/types\/post"}],"author":[{"embeddable":true,"href":"http:\/\/desarrollo.grupomedios.com\/futbol\/wp-json\/wp\/v2\/users\/160"}],"replies":[{"embeddable":true,"href":"http:\/\/desarrollo.grupomedios.com\/futbol\/wp-json\/wp\/v2\/comments?post=517551"}],"version-history":[{"count":1,"href":"http:\/\/desarrollo.grupomedios.com\/futbol\/wp-json\/wp\/v2\/posts\/517551\/revisions"}],"predecessor-version":[{"id":517553,"href":"http:\/\/desarrollo.grupomedios.com\/futbol\/wp-json\/wp\/v2\/posts\/517551\/revisions\/517553"}],"wp:featuredmedia":[{"embeddable":true,"href":"http:\/\/desarrollo.grupomedios.com\/futbol\/wp-json\/wp\/v2\/media\/517552"}],"wp:attachment":[{"href":"http:\/\/desarrollo.grupomedios.com\/futbol\/wp-json\/wp\/v2\/media?parent=517551"}],"wp:term":[{"taxonomy":"category","embeddable":true,"href":"http:\/\/desarrollo.grupomedios.com\/futbol\/wp-json\/wp\/v2\/categories?post=517551"},{"taxonomy":"post_tag","embeddable":true,"href":"http:\/\/desarrollo.grupomedios.com\/futbol\/wp-json\/wp\/v2\/tags?post=517551"}],"curies":[{"name":"wp","href":"https:\/\/api.w.org\/{rel}","templated":true}]}}