{"id":517559,"date":"2018-02-13T15:42:38","date_gmt":"2018-02-13T21:42:38","guid":{"rendered":"https:\/\/www.futboltotal.com.mx\/?p=517559"},"modified":"2018-02-13T15:42:38","modified_gmt":"2018-02-13T21:42:38","slug":"vandalizan-mural-en-honor-a-carlos-vela","status":"publish","type":"post","link":"http:\/\/desarrollo.grupomedios.com\/futbol\/futbol-internacional\/vandalizan-mural-en-honor-a-carlos-vela\/2018\/02","title":{"rendered":"Vandalizan mural en honor a Carlos Vela"},"content":{"rendered":"<p>El artista mexicano,<strong>\u00a0Jiovanny L\u00f3pez<\/strong> presumi\u00f3 su obra al haber elaborado en las calles de Los \u00c1ngeles un mural inspirado en la llegada del delantero azteca,<strong> Carlos Vela<\/strong>, quien lleg\u00f3 para ser la estrella de LAFC, pero esta ma\u00f1ana su obra amaneci\u00f3 totalmente destruida.<\/p>\n<p>&#8220;Cuando supe que <strong>Carlos Vela<\/strong> llegaba a <strong>Los \u00c1ngeles<\/strong>, dije que ten\u00edamos que hacerle algo parecido como a <strong>Giovani y Jonathan dos Santos<\/strong>, que era hacerle una pieza, pero en esta oportunidad lo quise hacer diferente, para probarme a m\u00ed mismo y decid\u00ed que ser\u00eda en un muro\u201d, estableci\u00f3 el artista al presentar su obra.<\/p>\n<p style=\"text-align: center;\"><a href=\"https:\/\/www.futboltotal.com.mx\/futbol-mexicano\/liga-mx\/cabrito-arellano-desaparecido-denuncia-abuso\/2018\/02\">VER M\u00c1S: \u2018Cabrito\u2019 Arellano, desaparecido y con denuncia por abuso<\/a><\/p>\n<p>Podr\u00eda decirse que la obra no fue bien recibida, pues se trataba de dignificar el papel de los<strong> inmigrantes latinos en Estados Unidos<\/strong>, pero el mural fue recibido con cubetadas de pintura<\/p>\n<p>&#8220;Para todos nosotros los latinos, <strong>la palabra \u2018muro\u2019<\/strong> se ha vuelto en una mala palabra. Queremos mejorar eso con un mensaje art\u00edstico y ese mensaje es obviamente tambi\u00e9n para Vela, que le damos la bienvenida en este nuevo trayecto de su carrera\u201d, explicaba el artista antes que fuera vandalizada la obra que hab\u00eda realizado.<\/p>\n<p style=\"text-align: center;\"><a href=\"https:\/\/www.futboltotal.com.mx\/futbol-mexicano\/liga-mx\/se-queda-darwin-quintero-saldra-del-america\/2018\/02\">VER M\u00c1S: \u00a1Se queda! Darwin Quintero no saldr\u00e1 del Am\u00e9rica<\/a><\/p>\n","protected":false},"excerpt":{"rendered":"<p>El delantero mexicano caus\u00f3 gran revuelo a su llegada con el equipo de los LAFC<\/p>\n","protected":false},"author":159,"featured_media":517569,"comment_status":"closed","ping_status":"closed","sticky":false,"template":"","format":"standard","meta":[],"categories":[3839],"tags":[6048,9165,8503,195],"_links":{"self":[{"href":"http:\/\/desarrollo.grupomedios.com\/futbol\/wp-json\/wp\/v2\/posts\/517559"}],"collection":[{"href":"http:\/\/desarrollo.grupomedios.com\/futbol\/wp-json\/wp\/v2\/posts"}],"about":[{"href":"http:\/\/desarrollo.grupomedios.com\/futbol\/wp-json\/wp\/v2\/types\/post"}],"author":[{"embeddable":true,"href":"http:\/\/desarrollo.grupomedios.com\/futbol\/wp-json\/wp\/v2\/users\/159"}],"replies":[{"embeddable":true,"href":"http:\/\/desarrollo.grupomedios.com\/futbol\/wp-json\/wp\/v2\/comments?post=517559"}],"version-history":[{"count":1,"href":"http:\/\/desarrollo.grupomedios.com\/futbol\/wp-json\/wp\/v2\/posts\/517559\/revisions"}],"predecessor-version":[{"id":517570,"href":"http:\/\/desarrollo.grupomedios.com\/futbol\/wp-json\/wp\/v2\/posts\/517559\/revisions\/517570"}],"wp:featuredmedia":[{"embeddable":true,"href":"http:\/\/desarrollo.grupomedios.com\/futbol\/wp-json\/wp\/v2\/media\/517569"}],"wp:attachment":[{"href":"http:\/\/desarrollo.grupomedios.com\/futbol\/wp-json\/wp\/v2\/media?parent=517559"}],"wp:term":[{"taxonomy":"category","embeddable":true,"href":"http:\/\/desarrollo.grupomedios.com\/futbol\/wp-json\/wp\/v2\/categories?post=517559"},{"taxonomy":"post_tag","embeddable":true,"href":"http:\/\/desarrollo.grupomedios.com\/futbol\/wp-json\/wp\/v2\/tags?post=517559"}],"curies":[{"name":"wp","href":"https:\/\/api.w.org\/{rel}","templated":true}]}}