{"id":517572,"date":"2018-02-14T11:10:51","date_gmt":"2018-02-14T17:10:51","guid":{"rendered":"https:\/\/www.futboltotal.com.mx\/?p=517572"},"modified":"2018-02-14T11:10:51","modified_gmt":"2018-02-14T17:10:51","slug":"las-historias-de-amor-mas-hermosas-del-futbol","status":"publish","type":"post","link":"http:\/\/desarrollo.grupomedios.com\/futbol\/uncategorized\/las-historias-de-amor-mas-hermosas-del-futbol\/2018\/02","title":{"rendered":"Las historias de amor m\u00e1s hermosas del f\u00fatbol"},"content":{"rendered":"<p>Hoy el amor est\u00e1 en el aire. En las calles se puede ver a la gente con flores, peluches, cajas de chocolates e innumerables demostraciones de afecto. S\u00ed, es el d\u00eda de San Valent\u00edn y las historias de amor abundan; y el f\u00fatbol no es ninguna excepci\u00f3n.<\/p>\n<p><mark>El deporte rey tambi\u00e9n nos regal\u00f3 hermosas historias de amor que hoy queremos compartir con ustedes,<\/mark> momentos que demuestran que el amor y el f\u00fatbol tambi\u00e9n van de la mano. <strong>Feliz d\u00eda de San Valent\u00edn,<\/strong> queridos cracks, y a seguir amando a este deporte por sobre todas las cosas \ud83d\ude42<\/p>\n<h2 style=\"text-align: left;\">Sara Carbonero e Iker Casillas<\/h2>\n<p style=\"text-align: center;\"><iframe loading=\"lazy\" src=\"https:\/\/www.youtube.com\/embed\/iyeTigShJ7c\" frameborder=\"0\" allowfullscreen=\"allowfullscreen\"><\/iframe><\/p>\n<p>Durante la final de la Copa del Mundo de Sud\u00e1frica 2010,<strong> Iker Casillas<\/strong> fue el encargado de levantar el trofeo de campe\u00f3n para la selecci\u00f3n espa\u00f1ola. Tras su llegada a los t\u00faneles, su novia, <strong>Sara Carbonero,<\/strong>\u00a0quien entonces trabajaba como reportera de televisi\u00f3n, se encarg\u00f3 de entrevistar a su pareja. <mark>El momento qued\u00f3 para la historia, por la emotividad de <strong>Casillas<\/strong> y el tremendo beso que le di\u00f3 a <strong>Carbonero<\/strong> en plena transmisi\u00f3n<\/mark> y para lo sorpresa de la propia Sara, y de los miles de televidentes que aplaudieron el gesto rom\u00e1ntico de Iker.<\/p>\n<h2>Shakira y Gerard Piqu\u00e9<\/h2>\n<p style=\"text-align: center;\"><iframe loading=\"lazy\" src=\"https:\/\/www.youtube.com\/embed\/HjSRbsKmiow?start=138\" frameborder=\"0\" allowfullscreen=\"allowfullscreen\"><\/iframe><\/p>\n<p>La cantante colombiana y el jugador catal\u00e1n se conocieron en 2010, cuando ella lanz\u00f3 su famosa rola<strong><em> Waka Waka,<\/em> <\/strong>de la Copa del Mundo de Sud\u00e1frica. <mark>Hoy, siguen juntos y con dos hijos, son una de las familias m\u00e1s queridas por los aficionados.<\/mark> <strong>Shakira<\/strong> habl\u00f3 del primer momento en que vio a <strong>Piqu\u00e9:<\/strong>\u00a0<em>&#8220;El tema &#8216;Me enamor\u00e9&#8217; describe c\u00f3mo fue nuestro primer encuentro para grabar el clip de \u2018Waka waka\u2019 para el Mundial de 2010 y qu\u00e9 sent\u00ed cuando lo vi en Los \u00c1ngeles: \u00a1como si hubiera ca\u00eddo un rayo! Fue ese momento el que cambi\u00f3 toda mi vida&#8221;.<\/em><\/p>\n<h2>Sof\u00eda Balbi y Luis Su\u00e1rez<\/h2>\n<p><img decoding=\"async\" loading=\"lazy\" class=\"wp-image-517667 aligncenter\" src=\"https:\/\/www.futboltotal.com.mx\/wp-content\/uploads\/2018\/02\/amor1-888x1024.jpg\" alt=\"Las historias de amor m\u00e1s hermosas del f\u00fatbol 0\" srcset=\"http:\/\/desarrollo.grupomedios.com\/futbol\/wp-content\/uploads\/2018\/02\/amor1-888x1024.jpg 888w, http:\/\/desarrollo.grupomedios.com\/futbol\/wp-content\/uploads\/2018\/02\/amor1-260x300.jpg 260w, http:\/\/desarrollo.grupomedios.com\/futbol\/wp-content\/uploads\/2018\/02\/amor1-768x885.jpg 768w, http:\/\/desarrollo.grupomedios.com\/futbol\/wp-content\/uploads\/2018\/02\/amor1.jpg 990w\" sizes=\"(max-width: 462px) 100vw, 462px\" \/><\/p>\n<p>El uruguayo s\u00ed que tiene una historia de amor y tiene que ver con su llegada a Europa.\u00a0Cuando <strong>Luisito<\/strong> conoci\u00f3 a <strong>Sof\u00eda,<\/strong> su vida cambi\u00f3. La vio por primera vez cuando \u00e9l ten\u00eda 15 y ella 13, se enamoraron y tuvieron una relaci\u00f3n relativamente corta. La chica, que ven\u00eda de una familia acomodada, se mud\u00f3 con sus padres a Barcelona cuando cumpli\u00f3 14 a\u00f1os. Se dijeron<em> &#8216;hasta pronto&#8217;<\/em> y <strong>Su\u00e1rez<\/strong> qued\u00f3 destrozado. Se prometi\u00f3 a s\u00ed mismo desde aquel d\u00eda, que alg\u00fan d\u00eda jugar\u00eda en Europa para recuperar a su novia. <mark>Con esfuerzo y disciplina, logr\u00f3 un traspaso a la liga holandesa y pudo reencontrarse con el amor de su vida,<\/mark> despu\u00e9s de convencer a los padres de su amada para que la dejaran mudarse con \u00e9l a Holanda. El resto es historia, hoy casualmente tienen una hermosa familia y viven en esa ciudad que alguna vez los separ\u00f3: <strong>Barcelona.\u00a0<\/strong><\/p>\n<h2>Antonella Roccuzzo y Lionel Messi<\/h2>\n<p><img decoding=\"async\" loading=\"lazy\" class=\"wp-image-517666 aligncenter\" src=\"https:\/\/www.futboltotal.com.mx\/wp-content\/uploads\/2018\/02\/amor2-1024x538.jpg\" alt=\"Las historias de amor m\u00e1s hermosas del f\u00fatbol 1\" srcset=\"http:\/\/desarrollo.grupomedios.com\/futbol\/wp-content\/uploads\/2018\/02\/amor2-1024x538.jpg 1024w, http:\/\/desarrollo.grupomedios.com\/futbol\/wp-content\/uploads\/2018\/02\/amor2-300x158.jpg 300w, http:\/\/desarrollo.grupomedios.com\/futbol\/wp-content\/uploads\/2018\/02\/amor2-768x403.jpg 768w, http:\/\/desarrollo.grupomedios.com\/futbol\/wp-content\/uploads\/2018\/02\/amor2.jpg 1200w\" sizes=\"(max-width: 708px) 100vw, 708px\" \/><\/p>\n<p>Se conocieron cuando la <em><strong>&#8216;Pulga&#8217;<\/strong><\/em> ten\u00eda apenas 9 a\u00f1os y desde ese entonces, el delantero del <strong>Barcelona<\/strong> se sinti\u00f3 fuertemente atra\u00eddo por <strong>Antonella.<\/strong> La pareja se tuvo que separar durante varios a\u00f1os, pues <strong>Messi<\/strong> emigr\u00f3 a Espa\u00f1a y ella se qued\u00f3 en Argentina. <mark>Finalmente en el a\u00f1o 2010, <strong>Roccuzzo<\/strong> se mud\u00f3 a Barcelona para vivir con <strong>Lio.<\/strong><\/mark> El a\u00f1o pasado se casaron en Rosario, la ciudad de ambos en Argentina, y tienen 2 hijos.<\/p>\n<h2>El amor por la camiseta, de un abuelo y su nieto<\/h2>\n<p><img decoding=\"async\" loading=\"lazy\" class=\"wp-image-517665 aligncenter\" src=\"https:\/\/www.futboltotal.com.mx\/wp-content\/uploads\/2018\/02\/549484187b43f.jpg\" alt=\"Las historias de amor m\u00e1s hermosas del f\u00fatbol 2\" srcset=\"http:\/\/desarrollo.grupomedios.com\/futbol\/wp-content\/uploads\/2018\/02\/549484187b43f.jpg 620w, http:\/\/desarrollo.grupomedios.com\/futbol\/wp-content\/uploads\/2018\/02\/549484187b43f-300x200.jpg 300w\" sizes=\"(max-width: 558px) 100vw, 558px\" \/><\/p>\n<p>Cerramos este resumen con un amor que va m\u00e1s all\u00e1 de cualquier pareja: <mark><strong>El amor por la camiseta.<\/strong><\/mark><\/p>\n<p>Luego del campeonato conquistado en 1966, los aficionados de <strong>Racing<\/strong> de Argentina tuvieron que esperar 35 a\u00f1os para volver a ver una Copa. En 2001, rompieron la sequ\u00eda, sin saber que tendr\u00edan que esperar otros 13 a\u00f1os para volver a llamarse campeones nacionales otra vez. Lo cual nos regresa a la foto, la historia en cuesti\u00f3n. La imagen fue capturada con un tel\u00e9fono y subida a <em>Instagram<\/em> desde el Estadio Presidente Juan Domingo Per\u00f3n, el d\u00eda que<strong><em> &#8216;La Academia&#8217;<\/em><\/strong>\u00a0volvi\u00f3 a coronarse en Argentina. <mark>Ah\u00ed vemos una imagen que refleja el amor transmitido de generaci\u00f3n en generaci\u00f3n.<\/mark> La fotograf\u00eda es la de un ni\u00f1o abrazado entre l\u00e1grimas con un hombre mayor, que seguramente sufri\u00f3 la mala racha de m\u00e1s de 30 a\u00f1os sin t\u00edtulos que fue cortada en 2001. Un abuelo y su nieto. <mark>Dos edades muy diferentes y sin embargo, una misma pasi\u00f3n.<\/mark><\/p>\n","protected":false},"excerpt":{"rendered":"<p>\u00a1Feliz d\u00eda de San Valent\u00edn, cracks!<\/p>\n","protected":false},"author":165,"featured_media":517668,"comment_status":"closed","ping_status":"closed","sticky":false,"template":"","format":"standard","meta":[],"categories":[3839,1],"tags":[11779,11072,9243,5984,3882,6015,11778,6019,6012,6016,2008,11780,3958],"_links":{"self":[{"href":"http:\/\/desarrollo.grupomedios.com\/futbol\/wp-json\/wp\/v2\/posts\/517572"}],"collection":[{"href":"http:\/\/desarrollo.grupomedios.com\/futbol\/wp-json\/wp\/v2\/posts"}],"about":[{"href":"http:\/\/desarrollo.grupomedios.com\/futbol\/wp-json\/wp\/v2\/types\/post"}],"author":[{"embeddable":true,"href":"http:\/\/desarrollo.grupomedios.com\/futbol\/wp-json\/wp\/v2\/users\/165"}],"replies":[{"embeddable":true,"href":"http:\/\/desarrollo.grupomedios.com\/futbol\/wp-json\/wp\/v2\/comments?post=517572"}],"version-history":[{"count":4,"href":"http:\/\/desarrollo.grupomedios.com\/futbol\/wp-json\/wp\/v2\/posts\/517572\/revisions"}],"predecessor-version":[{"id":517669,"href":"http:\/\/desarrollo.grupomedios.com\/futbol\/wp-json\/wp\/v2\/posts\/517572\/revisions\/517669"}],"wp:featuredmedia":[{"embeddable":true,"href":"http:\/\/desarrollo.grupomedios.com\/futbol\/wp-json\/wp\/v2\/media\/517668"}],"wp:attachment":[{"href":"http:\/\/desarrollo.grupomedios.com\/futbol\/wp-json\/wp\/v2\/media?parent=517572"}],"wp:term":[{"taxonomy":"category","embeddable":true,"href":"http:\/\/desarrollo.grupomedios.com\/futbol\/wp-json\/wp\/v2\/categories?post=517572"},{"taxonomy":"post_tag","embeddable":true,"href":"http:\/\/desarrollo.grupomedios.com\/futbol\/wp-json\/wp\/v2\/tags?post=517572"}],"curies":[{"name":"wp","href":"https:\/\/api.w.org\/{rel}","templated":true}]}}