{"id":517582,"date":"2018-02-13T16:24:14","date_gmt":"2018-02-13T22:24:14","guid":{"rendered":"https:\/\/www.futboltotal.com.mx\/?p=517582"},"modified":"2018-02-13T16:24:14","modified_gmt":"2018-02-13T22:24:14","slug":"edgar-mendez-confia-en-cruz-azul-despierte","status":"publish","type":"post","link":"http:\/\/desarrollo.grupomedios.com\/futbol\/futbol-mexicano\/edgar-mendez-confia-en-cruz-azul-despierte\/2018\/02","title":{"rendered":"\u00c9dgar M\u00e9ndez conf\u00eda en que Cruz Azul despierte"},"content":{"rendered":"<p>El espa\u00f1ol <strong>\u00c9dgar M\u00e9ndez<\/strong>, delantero del <strong>Cruz Azul<\/strong> del f\u00fatbol mexicano, dijo que su equipo, decimocuarto en el <strong>Clausura<\/strong> mexicano, est\u00e1 obligado a reaccionar de inmediato para lograr un triunfo que le ayude a repuntar en la clasificaci\u00f3n, el jueves ante el <strong>Rayados,<\/strong> en la s\u00e9ptima jornada del torneo.<\/p>\n<p>Con apenas 6 unidades de 18 posibles luego de un triunfo, tres empates y dos derrotas, el equipo celeste est\u00e1 lejos de los primeros lugares y por ello M\u00e9ndez exige el despertar de su equipo.<\/p>\n<p style=\"text-align: center;\"><span style=\"color: #3366ff;\"><a href=\"https:\/\/www.futboltotal.com.mx\/futbol-mexicano\/liga-mx\/america-cinco-anos-dominio-monarcas-en-azteca\/2018\/02\">VER M\u00c1S: Am\u00e9rica, con cinco a\u00f1os de dominio sobre Monarcas en el Azteca<\/a><\/span><\/p>\n<p>&#8220;Necesitamos ganar. Ante <strong>Monterrey<\/strong> vamos a salir como si fuera una final, no nos queda otra, tenemos que sacar los puntos y est\u00e1 claro que tenemos que despertar ya&#8221;, declar\u00f3 M\u00e9ndez en conferencia de prensa.<\/p>\n<p>Para el espa\u00f1ol, quien regresar\u00e1 al equipo titular tras una suspensi\u00f3n de seis partidos, se\u00f1al\u00f3 que la obtenci\u00f3n de puntos es obligada &#8220;porque si no, los equipos (de adelante) van a tomar ventaja y despu\u00e9s ser\u00e1 m\u00e1s dif\u00edcil para nosotros&#8221;.<\/p>\n<p>En los primeros lugares del Clausura se ubican los <strong>Pumas de la UNAM<\/strong> con 14 unidades, seguidos del Am\u00e9rica con 12; Monterrey y <strong>Santos Laguna,<\/strong> ambos con 11 mientras que <strong>Morelia<\/strong> y <strong>Le\u00f3n<\/strong> acumulan 10.<\/p>\n<p>Seg\u00fan M\u00e9ndez, para mejorar el Cruz Azul necesita &#8220;mejorar en casa y volver a lo que est\u00e1bamos haciendo antes (en el pasado Apertura, cuando los dirigi\u00f3 el espa\u00f1ol <strong>Paco J\u00e9mez<\/strong>) como tener la posesi\u00f3n del bal\u00f3n y sobre todo, conservarlo&#8221;.<\/p>\n<p style=\"text-align: center;\"><span style=\"color: #3366ff;\"><a href=\"https:\/\/www.futboltotal.com.mx\/futbol-mexicano\/liga-mx\/se-queda-darwin-quintero-saldra-del-america\/2018\/02\">VER M\u00c1S: \u00a1Se queda! Darwin Quintero no saldr\u00e1 del Am\u00e9rica<\/a><\/span><\/p>\n<p>Record\u00f3 que ante &#8220;el equipo creaba muchas ocasiones de gol y ahora no estamos llegando con claridad en la ofensiva y las ocasiones de gol que tenemos no las hemos metido y eso marca la diferencia, pero estamos trabajando para mejorar&#8221;.<\/p>\n<p>M\u00e9ndez, de 28 a\u00f1os, cont\u00f3 que su equipo ha puesto &#8220;mucha dedicaci\u00f3n y est\u00e1 entrenando muy bien, si analizamos los entrenamientos no hay ning\u00fan problema, pero en los partidos no metemos los goles que necesitamos para ganar y en casa nos est\u00e1 costando pero estamos a tiempo de cambiar la din\u00e1mica&#8221;. EFE<\/p>\n","protected":false},"excerpt":{"rendered":"<p>El espa\u00f1ol asegura que La M\u00e1quina podr\u00e1 despertar del mal momento.<\/p>\n","protected":false},"author":129,"featured_media":517590,"comment_status":"closed","ping_status":"closed","sticky":false,"template":"","format":"standard","meta":[],"categories":[2198,3845],"tags":[5962,9064,3883,64],"_links":{"self":[{"href":"http:\/\/desarrollo.grupomedios.com\/futbol\/wp-json\/wp\/v2\/posts\/517582"}],"collection":[{"href":"http:\/\/desarrollo.grupomedios.com\/futbol\/wp-json\/wp\/v2\/posts"}],"about":[{"href":"http:\/\/desarrollo.grupomedios.com\/futbol\/wp-json\/wp\/v2\/types\/post"}],"author":[{"embeddable":true,"href":"http:\/\/desarrollo.grupomedios.com\/futbol\/wp-json\/wp\/v2\/users\/129"}],"replies":[{"embeddable":true,"href":"http:\/\/desarrollo.grupomedios.com\/futbol\/wp-json\/wp\/v2\/comments?post=517582"}],"version-history":[{"count":1,"href":"http:\/\/desarrollo.grupomedios.com\/futbol\/wp-json\/wp\/v2\/posts\/517582\/revisions"}],"predecessor-version":[{"id":517591,"href":"http:\/\/desarrollo.grupomedios.com\/futbol\/wp-json\/wp\/v2\/posts\/517582\/revisions\/517591"}],"wp:featuredmedia":[{"embeddable":true,"href":"http:\/\/desarrollo.grupomedios.com\/futbol\/wp-json\/wp\/v2\/media\/517590"}],"wp:attachment":[{"href":"http:\/\/desarrollo.grupomedios.com\/futbol\/wp-json\/wp\/v2\/media?parent=517582"}],"wp:term":[{"taxonomy":"category","embeddable":true,"href":"http:\/\/desarrollo.grupomedios.com\/futbol\/wp-json\/wp\/v2\/categories?post=517582"},{"taxonomy":"post_tag","embeddable":true,"href":"http:\/\/desarrollo.grupomedios.com\/futbol\/wp-json\/wp\/v2\/tags?post=517582"}],"curies":[{"name":"wp","href":"https:\/\/api.w.org\/{rel}","templated":true}]}}