{"id":517648,"date":"2018-02-14T09:15:09","date_gmt":"2018-02-14T15:15:09","guid":{"rendered":"https:\/\/www.futboltotal.com.mx\/?p=517648"},"modified":"2018-02-14T09:15:09","modified_gmt":"2018-02-14T15:15:09","slug":"mexico-estaria-cerca-cerrar-juego-ante-gales","status":"publish","type":"post","link":"http:\/\/desarrollo.grupomedios.com\/futbol\/futbol-mexicano\/mexico-estaria-cerca-cerrar-juego-ante-gales\/2018\/02","title":{"rendered":"M\u00e9xico estar\u00eda muy cerca de cerrar juego ante Gales"},"content":{"rendered":"<p>La <strong>Selecci\u00f3n Mexicana<\/strong> contin\u00faa buscando duelos de preparaci\u00f3n con miras a la <strong>Copa del Mundo de Rusia 2018<\/strong> y estar\u00edan buscando cerrar un duelo frente a su similar de <strong>Gales<\/strong>\u00a0el 28 de mayo en el\u00a0<b>Rose Bowl<\/b>\u00a0de Pasadena, California, recordando que este combinado fue un fuerte protagonista de la pasada Eurocopa.<\/p>\n<p>De acuerdo a mediotiempo, las negociaciones entre ambas selecciones est\u00e1 muy avanzada, en un juego que ser\u00eda la despedida del combinado tricolor en Estados Unidos y que podr\u00edan medirse ante <strong>Gareth Bale<\/strong>, futbolista del Real Madrid y uno de los mejores del mundo, esto se dar\u00eda siempre y cuando\u00a0no llegue a la final de la\u00a0<b>Champions League,\u00a0<\/b>que ser\u00e1 el 26 de mayo.<\/p>\n<p style=\"text-align: center;\"><a href=\"https:\/\/www.futboltotal.com.mx\/futbol-mexicano\/liga-mx\/7-canteranos-pumas-les-alcanzo-brillar\/2018\/02\">VER M\u00c1S: 7 canteranos de Pumas que no les alcanz\u00f3 para brillar<\/a><\/p>\n<div class=\"body is-zoomable\">\n<p>De concretarse este duelo, el estratega colombiano,\u00a0<b>Juan Carlos Osorio\u00a0<\/b>ya podr\u00eda contar con su plantel completo, pues los jugadores recibir\u00e1n una semana de vacaciones luego de terminar la actividad con sus respectivos clubes, por toro lado el cuadro azteca ya tiene en su agenda otros duelos amistosos de preparaci\u00f3n.<\/p>\n<p>Se enfrentar\u00e1 el\u00a0<b>23 de marzo a Islandia<\/b>\u00a0en Santa Clara, California, el\u00a0<b>27 de ese mes a Croacia\u00a0<\/b>en Dallas, ambos en fecha FIFA por lo que el Tricolor podr\u00e1 tener al plantel que estar\u00eda con miras a la Copa del Mundo; por otro lado, la despedida en el Estadio Azteca ser\u00e1 el 2 de junio y despu\u00e9s jugar\u00e1n ante Dinamarca el 9 de junio, para enfilarse a Mosc\u00fa de cara a Rusia 2018.<\/p>\n<p style=\"text-align: center;\">\u00a0<a href=\"https:\/\/www.futboltotal.com.mx\/futbol-internacional\/champions-league\/di-maria-enciende-eliminatoria-ante-madrid-tendria-problema-en-jugar-barcelona\/2018\/02\">VER M\u00c1S: Di Mar\u00eda enciende eliminatoria ante el Madrid: \u201cNo tendr\u00eda problema en jugar con el Barcelona<\/a><\/p>\n<\/div>\n","protected":false},"excerpt":{"rendered":"<p>El cuadro mexicano podr\u00eda medirse ante Gareth Bale en Estados Unidos con miras a Rusia 2018<\/p>\n","protected":false},"author":159,"featured_media":517649,"comment_status":"closed","ping_status":"closed","sticky":false,"template":"","format":"standard","meta":[],"categories":[2198,3845,3847],"tags":[1899,6043,65,2232,409],"_links":{"self":[{"href":"http:\/\/desarrollo.grupomedios.com\/futbol\/wp-json\/wp\/v2\/posts\/517648"}],"collection":[{"href":"http:\/\/desarrollo.grupomedios.com\/futbol\/wp-json\/wp\/v2\/posts"}],"about":[{"href":"http:\/\/desarrollo.grupomedios.com\/futbol\/wp-json\/wp\/v2\/types\/post"}],"author":[{"embeddable":true,"href":"http:\/\/desarrollo.grupomedios.com\/futbol\/wp-json\/wp\/v2\/users\/159"}],"replies":[{"embeddable":true,"href":"http:\/\/desarrollo.grupomedios.com\/futbol\/wp-json\/wp\/v2\/comments?post=517648"}],"version-history":[{"count":1,"href":"http:\/\/desarrollo.grupomedios.com\/futbol\/wp-json\/wp\/v2\/posts\/517648\/revisions"}],"predecessor-version":[{"id":517650,"href":"http:\/\/desarrollo.grupomedios.com\/futbol\/wp-json\/wp\/v2\/posts\/517648\/revisions\/517650"}],"wp:featuredmedia":[{"embeddable":true,"href":"http:\/\/desarrollo.grupomedios.com\/futbol\/wp-json\/wp\/v2\/media\/517649"}],"wp:attachment":[{"href":"http:\/\/desarrollo.grupomedios.com\/futbol\/wp-json\/wp\/v2\/media?parent=517648"}],"wp:term":[{"taxonomy":"category","embeddable":true,"href":"http:\/\/desarrollo.grupomedios.com\/futbol\/wp-json\/wp\/v2\/categories?post=517648"},{"taxonomy":"post_tag","embeddable":true,"href":"http:\/\/desarrollo.grupomedios.com\/futbol\/wp-json\/wp\/v2\/tags?post=517648"}],"curies":[{"name":"wp","href":"https:\/\/api.w.org\/{rel}","templated":true}]}}