{"id":517653,"date":"2018-02-14T09:58:05","date_gmt":"2018-02-14T15:58:05","guid":{"rendered":"https:\/\/www.futboltotal.com.mx\/?p=517653"},"modified":"2018-02-14T12:31:10","modified_gmt":"2018-02-14T18:31:10","slug":"jugador-cruz-azul-ya-no-entra-en-planes","status":"publish","type":"post","link":"http:\/\/desarrollo.grupomedios.com\/futbol\/futbol-mexicano\/jugador-cruz-azul-ya-no-entra-en-planes\/2018\/02","title":{"rendered":"El jugador de Cruz Azul que ya no entra en planes"},"content":{"rendered":"<p>El cuadro de<strong> Cruz Azul<\/strong> parece estar haciendo una depuraci\u00f3n antes de lo debido y ya piensa en quitar una pieza de la instituci\u00f3n a pesar que el campeonato no ha llegado a la mitad de su desarrollo, pero el estratega <strong>Pedro Caixinh<\/strong>a ha decidido dejarle de lado debido a su bajo rendimiento y todo apunta a que saldr\u00e1 del club.<\/p>\n<p>No se trata de otro que de <strong>\u00c1ngel Mena<\/strong>, el mediocampista ecuatoriano que no la est\u00e1 pasando nada bien desde la llegada del portugu\u00e9s al banquillo y de acuerdo con r\u00e9cord, el futbolista tiene los d\u00edas contados con los cementeros ya que <mark>la directiva est\u00e1 dispuesta a desprenderse del jugador en verano<\/mark>, pues su rendimiento ha ido en picada jornada con jornada, algo que tambi\u00e9n se ha visto reflejado en los minutos que ha jugado, los cuales cada vez son menos.<\/p>\n<p style=\"text-align: center;\"><a href=\"https:\/\/www.futboltotal.com.mx\/futbol-mexicano\/liga-mx\/7-canteranos-pumas-les-alcanzo-brillar\/2018\/02\">VER M\u00c1S: 7 canteranos de Pumas que no les alcanz\u00f3 para brillar<\/a><\/p>\n<p>El estratega, Pedro Caixinha dio a entender que el ecuatoriano<mark> no corre al parejo de sus compa\u00f1eros dentro del terreno de juego,<\/mark> adem\u00e1s que por otro lado se sabe que le desagradan<mark> las decisiones que toma con el esf\u00e9rico en los pies como las conducciones largas o realizar algunas vaselinas<\/mark>, adem\u00e1s que desaprueba su poco desgaste a la defensiva.<\/p>\n<p>El ecuatoriano lleg\u00f3 a Cruz Azul en el <strong>Clausura 2017<\/strong> y con el espa\u00f1ol <strong>Paco J\u00e9mez<\/strong> gozaba de titularidad indiscutible y tuvo un rendimiento aceptable, sin embargo lo cierto es que de ese primer torneo que jug\u00f3 su rendimiento se vio a la baja en el siguiente por molestias f\u00edsicas y ahora simplemente no ha podido aparecer siquiera en <strong>Copa MX.<\/strong><\/p>\n<p>En <mark>el club Emelec de su pa\u00eds, donde saliera como \u00eddolo de la instituci\u00f3n, ya comienzan a so\u00f1ar con su vuelta,<\/mark> pues los aficionados lo consideran como un hist\u00f3rico, adem\u00e1s que ha sido uno de los art\u00edfices del t\u00edtulo 13 del equipo obtenido en 2015, en donde Mena junto con Miller Bola\u00f1os, actual futbolista de Xolos de Tijuana, fueron piezas fundamentales.<\/p>\n<p style=\"text-align: center;\"><a href=\"https:\/\/www.futboltotal.com.mx\/futbol-internacional\/liga-de-espana\/hector-moreno-pudo-jugar-al-futbol-culpa-atlas\/2018\/02\">VER M\u00c1S: H\u00e9ctor Moreno pudo no jugar al futbol por culpa de Atlas<\/a><\/p>\n","protected":false},"excerpt":{"rendered":"<p>El futbolista ecuatoriano se ha visto sin minutos con Pedro Caixinha y ya tiene las puertas abiertas para marcharse<\/p>\n","protected":false},"author":159,"featured_media":517654,"comment_status":"closed","ping_status":"closed","sticky":false,"template":"","format":"standard","meta":[],"categories":[2198,3845],"tags":[7749,9028,5962,382,64],"_links":{"self":[{"href":"http:\/\/desarrollo.grupomedios.com\/futbol\/wp-json\/wp\/v2\/posts\/517653"}],"collection":[{"href":"http:\/\/desarrollo.grupomedios.com\/futbol\/wp-json\/wp\/v2\/posts"}],"about":[{"href":"http:\/\/desarrollo.grupomedios.com\/futbol\/wp-json\/wp\/v2\/types\/post"}],"author":[{"embeddable":true,"href":"http:\/\/desarrollo.grupomedios.com\/futbol\/wp-json\/wp\/v2\/users\/159"}],"replies":[{"embeddable":true,"href":"http:\/\/desarrollo.grupomedios.com\/futbol\/wp-json\/wp\/v2\/comments?post=517653"}],"version-history":[{"count":1,"href":"http:\/\/desarrollo.grupomedios.com\/futbol\/wp-json\/wp\/v2\/posts\/517653\/revisions"}],"predecessor-version":[{"id":517655,"href":"http:\/\/desarrollo.grupomedios.com\/futbol\/wp-json\/wp\/v2\/posts\/517653\/revisions\/517655"}],"wp:featuredmedia":[{"embeddable":true,"href":"http:\/\/desarrollo.grupomedios.com\/futbol\/wp-json\/wp\/v2\/media\/517654"}],"wp:attachment":[{"href":"http:\/\/desarrollo.grupomedios.com\/futbol\/wp-json\/wp\/v2\/media?parent=517653"}],"wp:term":[{"taxonomy":"category","embeddable":true,"href":"http:\/\/desarrollo.grupomedios.com\/futbol\/wp-json\/wp\/v2\/categories?post=517653"},{"taxonomy":"post_tag","embeddable":true,"href":"http:\/\/desarrollo.grupomedios.com\/futbol\/wp-json\/wp\/v2\/tags?post=517653"}],"curies":[{"name":"wp","href":"https:\/\/api.w.org\/{rel}","templated":true}]}}