{"id":517673,"date":"2018-02-14T11:52:09","date_gmt":"2018-02-14T17:52:09","guid":{"rendered":"https:\/\/www.futboltotal.com.mx\/?p=517673"},"modified":"2018-02-14T11:52:09","modified_gmt":"2018-02-14T17:52:09","slug":"diego-reyes-en-la-mira-3-equipos-la-serie-a","status":"publish","type":"post","link":"http:\/\/desarrollo.grupomedios.com\/futbol\/destacado-home\/diego-reyes-en-la-mira-3-equipos-la-serie-a\/2018\/02","title":{"rendered":"Diego Reyes, en la mira de 3 equipos de la Serie A"},"content":{"rendered":"<p>El defensa central mexicano, <strong>Diego Reyes<\/strong> tendr\u00e1 una oportunidad de oro en el duelo de Octavos de Final de la <strong>UEFA Champions League<\/strong> frente al <strong>Liverpool<\/strong>, pues ha salido a la luz informaci\u00f3n que indica que tres ojeadores de la Serie A en Italia estar\u00e1n presentes para seguir de cerca al mexicano.<\/p>\n<p>De acuerdo a todo un art\u00edculo dedicado por la p\u00e1gina web especializada, Calciomercato, el central mexicano tiene grandes cualidades, desde sus comienzos en el Club Am\u00e9rica e incluso lo comparan con <strong>Rafa M\u00e1rquez<\/strong>, adem\u00e1s que destacan su polivalencia dentro del terreno de juego, pues ha jugado como lateral y medio de contenci\u00f3n.<\/p>\n<p style=\"text-align: center;\"><a href=\"https:\/\/www.futboltotal.com.mx\/futbol-mexicano\/seleccion-mexicana\/mexico-estaria-cerca-cerrar-juego-ante-gales\/2018\/02\">VER M\u00c1S: M\u00e9xico estar\u00eda muy cerca de cerrar juego ante Gales<\/a><\/p>\n<p>&#8220;<mark>Los observadores del <strong>Inter de Milan,\u00a0Lazio\u00a0y\u00a0Napoli<\/strong>\u00a0van a seguir a Diego Reyes, quien puede acabar en la Serie A, ya que interesa a varios clubes\u201d<\/mark>, destaca la p\u00e1gina, al mismo tiempo que indica que el defensa central mexicano no puede fallar en el duelo ante los Reds por la Champions League, pues este depender\u00e1 en gran medida para saber si es una opci\u00f3n real.<\/p>\n<p>Otra situaci\u00f3n que se ha convertido en importante para el defensa mexicano, es el hecho que<mark> termina su contrato con el Porto en junio y no ha renovado de ninguna forma<\/mark>, por lo que un cambio de aires sin costo alguno ser\u00eda lo indicado para el defensa mexicano; este factor lo ha hecho atractivo dentro del mercado.<\/p>\n<p><img decoding=\"async\" loading=\"lazy\" class=\"aligncenter size-full wp-image-517676\" src=\"https:\/\/www.futboltotal.com.mx\/wp-content\/uploads\/2018\/02\/diego-reyes-calciomercato.jpg\" alt=\"Diego Reyes, en la mira de 3 equipos de la Serie A 0\" srcset=\"http:\/\/desarrollo.grupomedios.com\/futbol\/wp-content\/uploads\/2018\/02\/diego-reyes-calciomercato.jpg 772w, http:\/\/desarrollo.grupomedios.com\/futbol\/wp-content\/uploads\/2018\/02\/diego-reyes-calciomercato-300x242.jpg 300w, http:\/\/desarrollo.grupomedios.com\/futbol\/wp-content\/uploads\/2018\/02\/diego-reyes-calciomercato-768x620.jpg 768w\" sizes=\"(max-width: 772px) 100vw, 772px\" \/><\/p>\n<p>&nbsp;<\/p>\n<p style=\"text-align: center;\"><a href=\"https:\/\/www.futboltotal.com.mx\/futbol-mexicano\/liga-mx\/7-canteranos-pumas-les-alcanzo-brillar\/2018\/02\">VER M\u00c1S: 7 canteranos de Pumas que no les alcanz\u00f3 para brillar<\/a><\/p>\n","protected":false},"excerpt":{"rendered":"<p>El defensa central mexicano tendr\u00e1 una oportunidad de llenarle el ojo a los visores y ser\u00e1 ante el Liverpool<\/p>\n","protected":false},"author":159,"featured_media":517675,"comment_status":"closed","ping_status":"closed","sticky":false,"template":"","format":"standard","meta":[],"categories":[5,3839,3848],"tags":[36,6006,227,1068,5989,160,1208],"_links":{"self":[{"href":"http:\/\/desarrollo.grupomedios.com\/futbol\/wp-json\/wp\/v2\/posts\/517673"}],"collection":[{"href":"http:\/\/desarrollo.grupomedios.com\/futbol\/wp-json\/wp\/v2\/posts"}],"about":[{"href":"http:\/\/desarrollo.grupomedios.com\/futbol\/wp-json\/wp\/v2\/types\/post"}],"author":[{"embeddable":true,"href":"http:\/\/desarrollo.grupomedios.com\/futbol\/wp-json\/wp\/v2\/users\/159"}],"replies":[{"embeddable":true,"href":"http:\/\/desarrollo.grupomedios.com\/futbol\/wp-json\/wp\/v2\/comments?post=517673"}],"version-history":[{"count":1,"href":"http:\/\/desarrollo.grupomedios.com\/futbol\/wp-json\/wp\/v2\/posts\/517673\/revisions"}],"predecessor-version":[{"id":517677,"href":"http:\/\/desarrollo.grupomedios.com\/futbol\/wp-json\/wp\/v2\/posts\/517673\/revisions\/517677"}],"wp:featuredmedia":[{"embeddable":true,"href":"http:\/\/desarrollo.grupomedios.com\/futbol\/wp-json\/wp\/v2\/media\/517675"}],"wp:attachment":[{"href":"http:\/\/desarrollo.grupomedios.com\/futbol\/wp-json\/wp\/v2\/media?parent=517673"}],"wp:term":[{"taxonomy":"category","embeddable":true,"href":"http:\/\/desarrollo.grupomedios.com\/futbol\/wp-json\/wp\/v2\/categories?post=517673"},{"taxonomy":"post_tag","embeddable":true,"href":"http:\/\/desarrollo.grupomedios.com\/futbol\/wp-json\/wp\/v2\/tags?post=517673"}],"curies":[{"name":"wp","href":"https:\/\/api.w.org\/{rel}","templated":true}]}}