{"id":517692,"date":"2018-02-14T15:37:13","date_gmt":"2018-02-14T21:37:13","guid":{"rendered":"https:\/\/www.futboltotal.com.mx\/?p=517692"},"modified":"2018-02-14T15:37:13","modified_gmt":"2018-02-14T21:37:13","slug":"porto-fc-0-liverpool-5-champions-league-2018","status":"publish","type":"post","link":"http:\/\/desarrollo.grupomedios.com\/futbol\/destacado-home\/porto-fc-0-liverpool-5-champions-league-2018\/2018\/02","title":{"rendered":"Liverpool destroza al Porto de los mexicanos en Champions"},"content":{"rendered":"<p>El <strong>Porto<\/strong> de los mexicanos cay\u00f3 de forma escandalosa 0-5 ante el <strong>Liverpool<\/strong> en la ida de los Octavos de Final de la<strong> UEFA Champions League<\/strong>; <strong>Diego Reyes<\/strong> jug\u00f3 los noventa minutos con una actuaci\u00f3n destacada, mientras que <strong>H\u00e9ctor Herrera<\/strong> de igual manera vio acci\u00f3n en todo el partido y\u00a0<strong>Jes\u00fas &#8216;Tecatito&#8217; Corona\u00a0<\/strong>jug\u00f3 45 minutos.<\/p>\n<p>Desde el comienzo del encuentro los Reds se hicieron con el control y con <strong>Sadio Man\u00e9<\/strong> por izquierda comenz\u00f3 a hacer estragos en la defensa que vio una destacada versi\u00f3n tanto de Marcano como del mexicano <strong>Diego Reyes<\/strong>; a pesar del asedio ingl\u00e9s fueron los Dragones quienes tuvieron la primera gran oportunidad en los pies de <strong>Ot\u00e1vio<\/strong>, quien vio como el bal\u00f3n se iba por encima del arco.<\/p>\n<p>Diez minutos despu\u00e9s de esa acci\u00f3n <strong>Mohamed Salah<\/strong> dio el primer anuncio serio de peligro en el arco, pero el defensa mexicano logr\u00f3 alejar el esf\u00e9rico, sin embargo una jugada despu\u00e9s Marcano volvi\u00f3 a sacar en urgencia cuando<strong> Firmino<\/strong> estaba a nada de marcar el primer gol del encuentro.<\/p>\n<p>Fue al minuto 24 cuando el jugador de Senegal, <strong>Sadio Man\u00e9<\/strong> quien se encarg\u00f3 de abrir la lata con un disparo que se le pas\u00f3 entre las manos al guardameta\u00a0<strong>Jos\u00e9 S\u00e1<\/strong>, algo que merm\u00f3 el \u00e1nimo de los locales quienes hab\u00edan intentado llevar el partido sin gol en contra. Pero el golpe les dur\u00f3 m\u00e1s de lo previsto.<\/p>\n<blockquote class=\"twitter-tweet\" data-width=\"500\">\n<p lang=\"tr\" dir=\"ltr\">Sadio Mane&#39;nin tak\u0131m\u0131m\u0131z\u0131 \u00f6ne ge\u00e7irdi\u011fi gol. Gol\u00fcn yar\u0131s\u0131 Wijnaldum&#39;un diyebiliriz. <a href=\"https:\/\/twitter.com\/hashtag\/PORLIV?src=hash&amp;ref_src=twsrc%5Etfw\">#PORLIV<\/a> <a href=\"https:\/\/t.co\/xPdXTqsHYs\">pic.twitter.com\/xPdXTqsHYs<\/a><\/p>\n<p>&mdash; Liverpool T\u00fcrkiye (@LFC_Turkiye) <a href=\"https:\/\/twitter.com\/LFC_Turkiye\/status\/963878372504981506?ref_src=twsrc%5Etfw\">February 14, 2018<\/a><\/p><\/blockquote>\n<p><script async src=\"https:\/\/platform.twitter.com\/widgets.js\" charset=\"utf-8\"><\/script><\/p>\n<p>Apenas tres minutos despu\u00e9s, un disparo que peg\u00f3 en el poste fue recuperado por <strong>Mohamed Salah<\/strong> quien de forma exquisita ampli\u00f3 la ventaja para los Reds que ya se ve\u00edan c\u00f3modos y due\u00f1o de la situaci\u00f3n en el Estadio do Drag\u00e3o. Todav\u00eda en los instantes finales\u00a0Alex Telles tuvo la oportunidad de recortar distancias y no supo resolver.<\/p>\n<p>https:\/\/twitter.com\/fut_galacticos\/status\/963877827891384320<\/p>\n<p>El cuadro del Porto sali\u00f3 a la segunda parte con la convicci\u00f3n de lograr un gol que le diera esperanza de un regreso, le dieron entrada a <strong>Jes\u00fas &#8216;Tecatito&#8217; Corona<\/strong>, pero pronto se acab\u00f3 el \u00edmpetu de los Dragones cuando el senegal\u00e9s <strong>Sadio Man\u00e9<\/strong> volvi\u00f3 a aprovechar un rechace de\u00a0<strong>Jos\u00e9 S\u00e1\u00a0<\/strong>para marcar el tercer tanto del encuentro.<\/p>\n<p>https:\/\/twitter.com\/DeFutbolMX1\/status\/963884388327944192<\/p>\n<p>Despu\u00e9s de ese gol, el cuadro portugu\u00e9s se dedic\u00f3 a remar contracorriente, <strong>Marega<\/strong> y <strong>S\u00e9rgio<\/strong> tuvieron buenas oportunidades para recortar el marcador pero ambos erraron en sus respectivos remates; por su parte <strong>Firmino<\/strong> tuvo la oportunidad de liquidar la serie pero no alcanz\u00f3 un buen centro por la banda derecha.<\/p>\n<p><strong>&#8216;Tecatito&#8217;<\/strong> se mostr\u00f3 desequilibrante por la banda derecha, sin embargo siempre falt\u00f3 un centro delantero que acompa\u00f1ara las jugadas del mexicano pero la ilusi\u00f3n se termin\u00f3 por esfumar cuando el brasile\u00f1o<strong> Firmino<\/strong> anot\u00f3 el cuarto gol que result\u00f3 una aut\u00e9ntica herida de muerte para los Dragones.<\/p>\n<p>https:\/\/twitter.com\/isbaaakhtar_lfc\/status\/963885038654894080<\/p>\n<p>La cereza en el pastel para su actuaci\u00f3n la puso <strong>Sadio Man\u00e9<\/strong>, quien se anot\u00f3 el Hat-Trick en el partido con un verdadero zapatazo que estremeci\u00f3 a todos los jugadores del Porto y los puso en la tierra. As\u00ed, pr\u00e1cticamente el cuadro de los Reds est\u00e1 en Cuartos de Final del torneo de UEFA.<\/p>\n<p>https:\/\/twitter.com\/LeCoqueliin\/status\/963888949860143106<\/p>\n","protected":false},"excerpt":{"rendered":"<p>El Porto de los mexicanos cay\u00f3 de forma escandalosa 0-5 ante el Liverpool en la ida de los Octavos de Final de la UEFA Champions League; Diego Reyes jug\u00f3 los noventa minutos con una actuaci\u00f3n destacada, mientras que H\u00e9ctor Herrera de igual manera vio acci\u00f3n en todo el partido y\u00a0Jes\u00fas &#8216;Tecatito&#8217; Corona\u00a0jug\u00f3 45 minutos. Desde [&hellip;]<\/p>\n","protected":false},"author":159,"featured_media":517702,"comment_status":"closed","ping_status":"closed","sticky":false,"template":"","format":"standard","meta":[],"categories":[3841,5,3839],"tags":[36,6006,5995,3770,5989,1208],"_links":{"self":[{"href":"http:\/\/desarrollo.grupomedios.com\/futbol\/wp-json\/wp\/v2\/posts\/517692"}],"collection":[{"href":"http:\/\/desarrollo.grupomedios.com\/futbol\/wp-json\/wp\/v2\/posts"}],"about":[{"href":"http:\/\/desarrollo.grupomedios.com\/futbol\/wp-json\/wp\/v2\/types\/post"}],"author":[{"embeddable":true,"href":"http:\/\/desarrollo.grupomedios.com\/futbol\/wp-json\/wp\/v2\/users\/159"}],"replies":[{"embeddable":true,"href":"http:\/\/desarrollo.grupomedios.com\/futbol\/wp-json\/wp\/v2\/comments?post=517692"}],"version-history":[{"count":1,"href":"http:\/\/desarrollo.grupomedios.com\/futbol\/wp-json\/wp\/v2\/posts\/517692\/revisions"}],"predecessor-version":[{"id":517704,"href":"http:\/\/desarrollo.grupomedios.com\/futbol\/wp-json\/wp\/v2\/posts\/517692\/revisions\/517704"}],"wp:featuredmedia":[{"embeddable":true,"href":"http:\/\/desarrollo.grupomedios.com\/futbol\/wp-json\/wp\/v2\/media\/517702"}],"wp:attachment":[{"href":"http:\/\/desarrollo.grupomedios.com\/futbol\/wp-json\/wp\/v2\/media?parent=517692"}],"wp:term":[{"taxonomy":"category","embeddable":true,"href":"http:\/\/desarrollo.grupomedios.com\/futbol\/wp-json\/wp\/v2\/categories?post=517692"},{"taxonomy":"post_tag","embeddable":true,"href":"http:\/\/desarrollo.grupomedios.com\/futbol\/wp-json\/wp\/v2\/tags?post=517692"}],"curies":[{"name":"wp","href":"https:\/\/api.w.org\/{rel}","templated":true}]}}