{"id":517714,"date":"2018-02-14T16:24:07","date_gmt":"2018-02-14T22:24:07","guid":{"rendered":"https:\/\/www.futboltotal.com.mx\/?p=517714"},"modified":"2018-02-14T16:24:07","modified_gmt":"2018-02-14T22:24:07","slug":"al-real-madrid-se-le-puede-dar-muerto-sergio-ramos","status":"publish","type":"post","link":"http:\/\/desarrollo.grupomedios.com\/futbol\/futbol-internacional\/al-real-madrid-se-le-puede-dar-muerto-sergio-ramos\/2018\/02","title":{"rendered":"&#8220;Al Real Madrid no se le puede dar por muerto&#8221;: Sergio Ramos"},"content":{"rendered":"<p><strong>Sergio Ramos<\/strong>, capit\u00e1n del <strong>Real Madrid<\/strong>, declar\u00f3 este mi\u00e9rcoles, tras ganar al <strong>Par\u00eds Saint-Germain<\/strong> en la ida de octavos de la <strong>Champions League<\/strong>, que tras encajar el 0-1 siguieron buscando la victoria y que a su equipo &#8220;nunca se le puede dar por muerto&#8221;.<\/p>\n<p>&#8220;Se ha hecho un grand\u00edsimo y trabajo y creo que el resultado es bastante justo&#8221;, dijo Ramos en <em>beIn Sport<\/em>.<\/p>\n<p>El central blanco cree que tras encajar el 0-1 el Real Madrid tuvo que &#8220;mantener el m\u00e1ximo de concentraci\u00f3n&#8221; y que &#8220;de cara al gol el equipo ha tenido &#8220;la efectividad que en otras ocasiones ha faltado&#8221;.<\/p>\n<p style=\"text-align: center;\"><span style=\"color: #3366ff;\"><a href=\"https:\/\/www.futboltotal.com.mx\/futbol-internacional\/champions-league\/real-madrid-3-1-psg-champions-league-2018-resumen\/2018\/02\">VER M\u00c1S: Real Madrid mostr\u00f3 su grandeza ante un temeroso PSG<\/a><\/span><\/p>\n<p>&#8220;A pesar de recibir ese gol el equipo ha seguido buscando el objetivo de la victoria, la victoria&#8230; Al Real Madrid nunca se le puede dar por muerto. Es un paso importante, pero la eliminatoria sigue m\u00e1s que abierta&#8221;, dijo.<\/p>\n<p>&#8220;Son esos d\u00edas de Champions que son de recuerdo para la carrera de uno. Hay que seguir con esas ganas de defender este t\u00edtulo&#8221;, agreg\u00f3.<\/p>\n<p>En cuanto a la acci\u00f3n en la que PSG reclam\u00f3 penalti por unas supuestas manos dentro del \u00e1rea del defensa, Ramos dijo: &#8220;La tendr\u00eda que ver. Me da un poco en el pecho, un poco en la mano. Pero nunca hay intenci\u00f3n de darle&#8221; (al bal\u00f3n). EFE<\/p>\n","protected":false},"excerpt":{"rendered":"<p>El conjunto Merengue remont\u00f3 otra vez para ganar.<\/p>\n","protected":false},"author":129,"featured_media":517716,"comment_status":"closed","ping_status":"closed","sticky":false,"template":"","format":"standard","meta":[],"categories":[3841,3839],"tags":[36,6214,114,5988,6020],"_links":{"self":[{"href":"http:\/\/desarrollo.grupomedios.com\/futbol\/wp-json\/wp\/v2\/posts\/517714"}],"collection":[{"href":"http:\/\/desarrollo.grupomedios.com\/futbol\/wp-json\/wp\/v2\/posts"}],"about":[{"href":"http:\/\/desarrollo.grupomedios.com\/futbol\/wp-json\/wp\/v2\/types\/post"}],"author":[{"embeddable":true,"href":"http:\/\/desarrollo.grupomedios.com\/futbol\/wp-json\/wp\/v2\/users\/129"}],"replies":[{"embeddable":true,"href":"http:\/\/desarrollo.grupomedios.com\/futbol\/wp-json\/wp\/v2\/comments?post=517714"}],"version-history":[{"count":1,"href":"http:\/\/desarrollo.grupomedios.com\/futbol\/wp-json\/wp\/v2\/posts\/517714\/revisions"}],"predecessor-version":[{"id":517717,"href":"http:\/\/desarrollo.grupomedios.com\/futbol\/wp-json\/wp\/v2\/posts\/517714\/revisions\/517717"}],"wp:featuredmedia":[{"embeddable":true,"href":"http:\/\/desarrollo.grupomedios.com\/futbol\/wp-json\/wp\/v2\/media\/517716"}],"wp:attachment":[{"href":"http:\/\/desarrollo.grupomedios.com\/futbol\/wp-json\/wp\/v2\/media?parent=517714"}],"wp:term":[{"taxonomy":"category","embeddable":true,"href":"http:\/\/desarrollo.grupomedios.com\/futbol\/wp-json\/wp\/v2\/categories?post=517714"},{"taxonomy":"post_tag","embeddable":true,"href":"http:\/\/desarrollo.grupomedios.com\/futbol\/wp-json\/wp\/v2\/tags?post=517714"}],"curies":[{"name":"wp","href":"https:\/\/api.w.org\/{rel}","templated":true}]}}