{"id":517770,"date":"2018-02-14T23:06:44","date_gmt":"2018-02-15T05:06:44","guid":{"rendered":"https:\/\/www.futboltotal.com.mx\/?p=517770"},"modified":"2018-02-14T23:09:52","modified_gmt":"2018-02-15T05:09:52","slug":"puebla-sigue-implacable-en-casa-vence-al-toluca","status":"publish","type":"post","link":"http:\/\/desarrollo.grupomedios.com\/futbol\/futbol-mexicano\/puebla-sigue-implacable-en-casa-vence-al-toluca\/2018\/02","title":{"rendered":"Puebla sigue implacable en casa y vence al Toluca"},"content":{"rendered":"<p>La <strong>Franja del Puebla<\/strong> sac\u00f3 su cuarta victoria en casa con un 2-0 contundente sobre los <strong>Diablos Rojos del Toluca<\/strong> en la Jornada 7 del <strong>Torneo Clausura 2018<\/strong> de la Liga MX.<\/p>\n<p>Un penal dudoso de Rubens Sambueza sobre Alejandro Chumacero fue marcado por el \u00e1rbitro C\u00e9sar Ramos y el canadiense <strong>Lucas Cavallini<\/strong> logr\u00f3 batir a <strong>Alfredo Talavera<\/strong> para el 1-0 al minuto 10.<\/p>\n<blockquote class=\"twitter-tweet\" data-partner=\"tweetdeck\">\n<p dir=\"ltr\" lang=\"it\"><a href=\"https:\/\/twitter.com\/hashtag\/NoTeLoPierdas?src=hash&amp;ref_src=twsrc%5Etfw\">#NoTeLoPierdas<\/a><br \/>\nG\u26bd\u26bd\u26bdL de Daniel Cavallini\u00a0<a href=\"https:\/\/twitter.com\/ClubPueblaMX?ref_src=twsrc%5Etfw\">@ClubPueblaMX<\/a> 1-0 <a href=\"https:\/\/twitter.com\/TolucaFC?ref_src=twsrc%5Etfw\">@TolucaFC<\/a> <a href=\"https:\/\/twitter.com\/hashtag\/Jornada7?src=hash&amp;ref_src=twsrc%5Etfw\">#Jornada7<\/a> <a href=\"https:\/\/twitter.com\/hashtag\/Clausura2018?src=hash&amp;ref_src=twsrc%5Etfw\">#Clausura2018<\/a> <a href=\"https:\/\/twitter.com\/hashtag\/LIGABancomerMX?src=hash&amp;ref_src=twsrc%5Etfw\">#LIGABancomerMX<\/a><br \/>\n\u26bd <a href=\"https:\/\/twitter.com\/hashtag\/SienteTuLiga?src=hash&amp;ref_src=twsrc%5Etfw\">#SienteTuLiga<\/a> \u26bd <a href=\"https:\/\/twitter.com\/hashtag\/CreandoOportunidades?src=hash&amp;ref_src=twsrc%5Etfw\">#CreandoOportunidades<\/a> <a href=\"https:\/\/twitter.com\/hashtag\/PorLaEducaci%C3%B3n?src=hash&amp;ref_src=twsrc%5Etfw\">#PorLaEducaci\u00f3n<\/a> <a href=\"https:\/\/twitter.com\/hashtag\/AbrazadosPorElFutbol?src=hash&amp;ref_src=twsrc%5Etfw\">#AbrazadosPorElFutbol<\/a> <a href=\"https:\/\/t.co\/stg4iZTVjI\">pic.twitter.com\/stg4iZTVjI<\/a><\/p>\n<p>\u2014 LIGA Bancomer MX (@LIGABancomerMX) <a href=\"https:\/\/twitter.com\/LIGABancomerMX\/status\/963974698093699072?ref_src=twsrc%5Etfw\">February 15, 2018<\/a><\/p><\/blockquote>\n<p><script async src=\"https:\/\/platform.twitter.com\/widgets.js\" charset=\"utf-8\"><\/script><br \/>\nLa Franja mantuvo el control del terreno y lleg\u00f3 el segundo gol del norteamericano con un centro de <strong>Brayan Angulo<\/strong> que remat\u00f3 Cavallini de primera y coloc\u00f3 el 2-0 al minuto 28.<\/p>\n<blockquote class=\"twitter-tweet\" data-partner=\"tweetdeck\">\n<p dir=\"ltr\" lang=\"it\"><a href=\"https:\/\/twitter.com\/hashtag\/NoTeLoPierdas?src=hash&amp;ref_src=twsrc%5Etfw\">#NoTeLoPierdas<\/a><br \/>\n2do G\u26bd\u26bd\u26bdL de Daniel Cavallini\u00a0<a href=\"https:\/\/twitter.com\/ClubPueblaMX?ref_src=twsrc%5Etfw\">@ClubPueblaMX<\/a> 2-0 <a href=\"https:\/\/twitter.com\/TolucaFC?ref_src=twsrc%5Etfw\">@TolucaFC<\/a> <a href=\"https:\/\/twitter.com\/hashtag\/Jornada7?src=hash&amp;ref_src=twsrc%5Etfw\">#Jornada7<\/a> <a href=\"https:\/\/twitter.com\/hashtag\/Clausura2018?src=hash&amp;ref_src=twsrc%5Etfw\">#Clausura2018<\/a> <a href=\"https:\/\/twitter.com\/hashtag\/LIGABancomerMX?src=hash&amp;ref_src=twsrc%5Etfw\">#LIGABancomerMX<\/a><br \/>\n\u26bd <a href=\"https:\/\/twitter.com\/hashtag\/SienteTuLiga?src=hash&amp;ref_src=twsrc%5Etfw\">#SienteTuLiga<\/a> \u26bd <a href=\"https:\/\/twitter.com\/hashtag\/CreandoOportunidades?src=hash&amp;ref_src=twsrc%5Etfw\">#CreandoOportunidades<\/a> <a href=\"https:\/\/twitter.com\/hashtag\/PorLaEducaci%C3%B3n?src=hash&amp;ref_src=twsrc%5Etfw\">#PorLaEducaci\u00f3n<\/a> <a href=\"https:\/\/twitter.com\/hashtag\/AbrazadosPorElFutbol?src=hash&amp;ref_src=twsrc%5Etfw\">#AbrazadosPorElFutbol<\/a> <a href=\"https:\/\/t.co\/RGCllJVvTE\">pic.twitter.com\/RGCllJVvTE<\/a><\/p>\n<p>\u2014 LIGA Bancomer MX (@LIGABancomerMX) <a href=\"https:\/\/twitter.com\/LIGABancomerMX\/status\/963979065014341632?ref_src=twsrc%5Etfw\">February 15, 2018<\/a><\/p><\/blockquote>\n<p><script async src=\"https:\/\/platform.twitter.com\/widgets.js\" charset=\"utf-8\"><\/script><br \/>\nToluca lo intent\u00f3 con <strong>Alexis Vega y Luis Qui\u00f1\u00f3nes<\/strong> que fueron los m\u00e1s incisivos, pero no lograron recortar el marcador.<\/p>\n<p>Y adem\u00e1s la indisciplina dej\u00f3 a los Diablos con nueve hombres por las expulsiones de <strong>Pablo Barrientos y \u00c1ngel Reyna<\/strong>.<\/p>\n<p>Puebla lleg\u00f3 a <strong>12 unidades<\/strong>, mientras que Toluca se qued\u00f3 con <strong>nueve puntos.<\/strong><\/p>\n","protected":false},"excerpt":{"rendered":"<p>Lucas Cavallini brill\u00f3 en el terreno con doblete <\/p>\n","protected":false},"author":160,"featured_media":517771,"comment_status":"closed","ping_status":"closed","sticky":false,"template":"","format":"standard","meta":[],"categories":[2198,3845],"tags":[9028,575,5969,5975],"_links":{"self":[{"href":"http:\/\/desarrollo.grupomedios.com\/futbol\/wp-json\/wp\/v2\/posts\/517770"}],"collection":[{"href":"http:\/\/desarrollo.grupomedios.com\/futbol\/wp-json\/wp\/v2\/posts"}],"about":[{"href":"http:\/\/desarrollo.grupomedios.com\/futbol\/wp-json\/wp\/v2\/types\/post"}],"author":[{"embeddable":true,"href":"http:\/\/desarrollo.grupomedios.com\/futbol\/wp-json\/wp\/v2\/users\/160"}],"replies":[{"embeddable":true,"href":"http:\/\/desarrollo.grupomedios.com\/futbol\/wp-json\/wp\/v2\/comments?post=517770"}],"version-history":[{"count":1,"href":"http:\/\/desarrollo.grupomedios.com\/futbol\/wp-json\/wp\/v2\/posts\/517770\/revisions"}],"predecessor-version":[{"id":517772,"href":"http:\/\/desarrollo.grupomedios.com\/futbol\/wp-json\/wp\/v2\/posts\/517770\/revisions\/517772"}],"wp:featuredmedia":[{"embeddable":true,"href":"http:\/\/desarrollo.grupomedios.com\/futbol\/wp-json\/wp\/v2\/media\/517771"}],"wp:attachment":[{"href":"http:\/\/desarrollo.grupomedios.com\/futbol\/wp-json\/wp\/v2\/media?parent=517770"}],"wp:term":[{"taxonomy":"category","embeddable":true,"href":"http:\/\/desarrollo.grupomedios.com\/futbol\/wp-json\/wp\/v2\/categories?post=517770"},{"taxonomy":"post_tag","embeddable":true,"href":"http:\/\/desarrollo.grupomedios.com\/futbol\/wp-json\/wp\/v2\/tags?post=517770"}],"curies":[{"name":"wp","href":"https:\/\/api.w.org\/{rel}","templated":true}]}}