{"id":517805,"date":"2018-02-15T10:39:26","date_gmt":"2018-02-15T16:39:26","guid":{"rendered":"https:\/\/www.futboltotal.com.mx\/?p=517805"},"modified":"2018-02-15T10:39:26","modified_gmt":"2018-02-15T16:39:26","slug":"record-djaniny-tavares-quiere-quitar-a-jose-cardozo","status":"publish","type":"post","link":"http:\/\/desarrollo.grupomedios.com\/futbol\/futbol-mexicano\/record-djaniny-tavares-quiere-quitar-a-jose-cardozo\/2018\/02","title":{"rendered":"El r\u00e9cord que Djaniny Tavares quiere quitar a Jos\u00e9 Cardozo"},"content":{"rendered":"<p>El inicio de<strong> Djaniny Tavares<\/strong> en el <strong>Clausura 2018<\/strong> ha sido extraordinario, pues en apenas 7 encuentros disputados, el jugador de <strong>Cabo Verde<\/strong> ya lleva 10 goles en el presente torneo.<\/p>\n<p>Con todav\u00eda 10 encuentros por disputar, el atacante de Santos busca superar la cuota goleadora de <strong>Jos\u00e9 Saturnino Cardozo<\/strong> en el torneo de <strong>Clausura 2003<\/strong>, cuando el paraguayo marc\u00f3 21 goles, siendo esta la \u00faltima vez que un jugador super\u00f3 las dos decenas en un certamen de <strong>Liga MX.<\/strong><\/p>\n<p>En el Clausura 2018, el atacante de <strong>Santos Laguna<\/strong> lleva dos <em>hat-tricks<\/em> en las primeras siete jornadas e igual\u00f3 a <strong>Christian <em>Chucho<\/em> Ben\u00edtez,<\/strong> quien fue el \u00faltimo jugador en anotar dos hat-tricks en un mismo torneo en el<strong> Clausura 2013.<\/strong><\/p>\n<p style=\"text-align: center;\"><span style=\"color: #3366ff;\"><a href=\"https:\/\/www.futboltotal.com.mx\/futbol-mexicano\/liga-mx\/america-lider-del-clausura-2018-unico-invicto\/2018\/02\">VER M\u00c1S: Am\u00e9rica, el l\u00edder del Clausura 2018 y el \u00daNICO INVICTO<\/a><\/span><\/p>\n<p><mark>Cardozo ha sido el atacante que m\u00e1s goles ha metido en un torneo con 29 en 19 jornadas en el Apertura 2002. En las primera siete fechas meti\u00f3 nueve, mientras que el caboverdiano lleva 10 en las mismas jornadas.<\/mark><\/p>\n<p>En aquel <strong>Apertura 2002<\/strong> promedi\u00f3 1.52 tantos por duelo, mientras que Djaniny 1.43 goles. Los \u00faltimos en promediar m\u00e1s de una anotaci\u00f3n por juego son <strong>Alfredo Moreno<\/strong> en el <strong>Apertura 2007<\/strong> y <strong>Emanuel Villa<\/strong> en el <strong>Apertura 2009<\/strong>, quienes terminaron los respectivos torneos con 17 goles en el mismo n\u00famero de jornadas.<\/p>\n<p>Si Djaniny Tavares mantiene el paso en las 10 jornadas restantes llegar\u00eda a 24.<\/p>\n","protected":false},"excerpt":{"rendered":"<p>El caboverdiano quiere ser el que vuelva a llegar a los 20 goles.<\/p>\n","protected":false},"author":129,"featured_media":517815,"comment_status":"closed","ping_status":"closed","sticky":false,"template":"","format":"standard","meta":[],"categories":[2198,3845],"tags":[8426,3642,64,5972,5975],"_links":{"self":[{"href":"http:\/\/desarrollo.grupomedios.com\/futbol\/wp-json\/wp\/v2\/posts\/517805"}],"collection":[{"href":"http:\/\/desarrollo.grupomedios.com\/futbol\/wp-json\/wp\/v2\/posts"}],"about":[{"href":"http:\/\/desarrollo.grupomedios.com\/futbol\/wp-json\/wp\/v2\/types\/post"}],"author":[{"embeddable":true,"href":"http:\/\/desarrollo.grupomedios.com\/futbol\/wp-json\/wp\/v2\/users\/129"}],"replies":[{"embeddable":true,"href":"http:\/\/desarrollo.grupomedios.com\/futbol\/wp-json\/wp\/v2\/comments?post=517805"}],"version-history":[{"count":1,"href":"http:\/\/desarrollo.grupomedios.com\/futbol\/wp-json\/wp\/v2\/posts\/517805\/revisions"}],"predecessor-version":[{"id":517816,"href":"http:\/\/desarrollo.grupomedios.com\/futbol\/wp-json\/wp\/v2\/posts\/517805\/revisions\/517816"}],"wp:featuredmedia":[{"embeddable":true,"href":"http:\/\/desarrollo.grupomedios.com\/futbol\/wp-json\/wp\/v2\/media\/517815"}],"wp:attachment":[{"href":"http:\/\/desarrollo.grupomedios.com\/futbol\/wp-json\/wp\/v2\/media?parent=517805"}],"wp:term":[{"taxonomy":"category","embeddable":true,"href":"http:\/\/desarrollo.grupomedios.com\/futbol\/wp-json\/wp\/v2\/categories?post=517805"},{"taxonomy":"post_tag","embeddable":true,"href":"http:\/\/desarrollo.grupomedios.com\/futbol\/wp-json\/wp\/v2\/tags?post=517805"}],"curies":[{"name":"wp","href":"https:\/\/api.w.org\/{rel}","templated":true}]}}