{"id":517806,"date":"2018-02-15T10:37:44","date_gmt":"2018-02-15T16:37:44","guid":{"rendered":"https:\/\/www.futboltotal.com.mx\/?p=517806"},"modified":"2018-02-15T18:52:35","modified_gmt":"2018-02-16T00:52:35","slug":"11-ideal-la-jornada-7-del-clausura-2018","status":"publish","type":"post","link":"http:\/\/desarrollo.grupomedios.com\/futbol\/destacado-home\/11-ideal-la-jornada-7-del-clausura-2018\/2018\/02","title":{"rendered":"El 11 Ideal de la Jornada 7 del Clausura 2018"},"content":{"rendered":"<p>Se jug\u00f3 la\u00a0<strong>Jornada 7 del Clausura 2018 de la Liga MX<\/strong>, y el fin de semana dej\u00f3 grandes partidos, donde algunos futbolistas dejaron todo para el triunfo de sus equipos.<\/p>\n<p>El cuadro de los <strong>Tiburones Rojos de Veracruz<\/strong> se hizo como un destacado por el triunfo que consigui\u00f3 como visitante ante Pumas de la UNAM, mientras que <strong>Santos Laguna<\/strong> tiene a la figura del torneo en <strong>Djaniny Tavares<\/strong>, quien en siete fechas ha logrado anotar 10 goles, por lo que tambi\u00e9n es un destacado en esta ocasi\u00f3n.<\/p>\n<p>Por su parte, los <strong>Tuzos de Pachuca<\/strong> han tenido un regreso exitoso de <strong>Erick Guti\u00e9rrez<\/strong> quien adem\u00e1s ha regresado como uno de los goleadores del equipo. <strong>Mateus Uribe<\/strong> se destac\u00f3 con Am\u00e9rica gracias a su doblete, mientras que en la defensa central est\u00e1n dos hombres que han peleado por su puesto y se encuentran consolid\u00e1ndose.<\/p>\n<div class=\"prevPubli\">Pero no te contamos m\u00e1s sobre estos jugadores y aqu\u00ed en\u00a0<strong>Futbol Total<\/strong>\u00a0te dejamos:\u00a0<strong>El 11 Ideal de la Jornada 7 del Clausura 2018:<\/strong><\/div>\n<div><\/div>\n<div><img decoding=\"async\" loading=\"lazy\" class=\"aligncenter size-full wp-image-517813\" src=\"https:\/\/www.futboltotal.com.mx\/wp-content\/uploads\/2018\/02\/once-ideal-jornada-7.jpg\" alt=\"El 11 Ideal de la Jornada 7 del Clausura 2018 0\" srcset=\"http:\/\/desarrollo.grupomedios.com\/futbol\/wp-content\/uploads\/2018\/02\/once-ideal-jornada-7.jpg 858w, http:\/\/desarrollo.grupomedios.com\/futbol\/wp-content\/uploads\/2018\/02\/once-ideal-jornada-7-229x300.jpg 229w, http:\/\/desarrollo.grupomedios.com\/futbol\/wp-content\/uploads\/2018\/02\/once-ideal-jornada-7-768x1005.jpg 768w, http:\/\/desarrollo.grupomedios.com\/futbol\/wp-content\/uploads\/2018\/02\/once-ideal-jornada-7-782x1024.jpg 782w\" sizes=\"(max-width: 858px) 100vw, 858px\" \/><\/div>\n<p>&nbsp;<\/p>\n","protected":false},"excerpt":{"rendered":"<p>El cuadro ideal de FT est\u00e1 aqu\u00ed con los futbolistas m\u00e1s destacados en esta jornada de media semana<\/p>\n","protected":false},"author":159,"featured_media":517811,"comment_status":"closed","ping_status":"closed","sticky":false,"template":"","format":"standard","meta":[],"categories":[5,7570,2198,3845],"tags":[9028,8426,64,9184,7204],"_links":{"self":[{"href":"http:\/\/desarrollo.grupomedios.com\/futbol\/wp-json\/wp\/v2\/posts\/517806"}],"collection":[{"href":"http:\/\/desarrollo.grupomedios.com\/futbol\/wp-json\/wp\/v2\/posts"}],"about":[{"href":"http:\/\/desarrollo.grupomedios.com\/futbol\/wp-json\/wp\/v2\/types\/post"}],"author":[{"embeddable":true,"href":"http:\/\/desarrollo.grupomedios.com\/futbol\/wp-json\/wp\/v2\/users\/159"}],"replies":[{"embeddable":true,"href":"http:\/\/desarrollo.grupomedios.com\/futbol\/wp-json\/wp\/v2\/comments?post=517806"}],"version-history":[{"count":1,"href":"http:\/\/desarrollo.grupomedios.com\/futbol\/wp-json\/wp\/v2\/posts\/517806\/revisions"}],"predecessor-version":[{"id":517814,"href":"http:\/\/desarrollo.grupomedios.com\/futbol\/wp-json\/wp\/v2\/posts\/517806\/revisions\/517814"}],"wp:featuredmedia":[{"embeddable":true,"href":"http:\/\/desarrollo.grupomedios.com\/futbol\/wp-json\/wp\/v2\/media\/517811"}],"wp:attachment":[{"href":"http:\/\/desarrollo.grupomedios.com\/futbol\/wp-json\/wp\/v2\/media?parent=517806"}],"wp:term":[{"taxonomy":"category","embeddable":true,"href":"http:\/\/desarrollo.grupomedios.com\/futbol\/wp-json\/wp\/v2\/categories?post=517806"},{"taxonomy":"post_tag","embeddable":true,"href":"http:\/\/desarrollo.grupomedios.com\/futbol\/wp-json\/wp\/v2\/tags?post=517806"}],"curies":[{"name":"wp","href":"https:\/\/api.w.org\/{rel}","templated":true}]}}