{"id":517823,"date":"2018-02-15T11:44:29","date_gmt":"2018-02-15T17:44:29","guid":{"rendered":"https:\/\/www.futboltotal.com.mx\/?p=517823"},"modified":"2018-02-15T11:45:42","modified_gmt":"2018-02-15T17:45:42","slug":"delantero-xolos-tendria-los-dias-contados-en-la-liga-mx","status":"publish","type":"post","link":"http:\/\/desarrollo.grupomedios.com\/futbol\/futbol-mexicano\/delantero-xolos-tendria-los-dias-contados-en-la-liga-mx\/2018\/02","title":{"rendered":"Delantero de Xolos tendr\u00eda los d\u00edas contados en la Liga MX"},"content":{"rendered":"<p>El cuadro de <strong>Xolos de Tijuana<\/strong> se podr\u00eda quedar sin una de sus piezas fundamentales, pues el delantero argentino <strong>Gustavo Bou<\/strong> tendr\u00eda los d\u00edas contados con el cuadro fronterizo, pues el club argentino de donde provino,<strong> Racing de Avellaneda<\/strong> est\u00e1 haciendo lo posible por repatriarlo y el propio futbolista no lo ver\u00eda con malos ojos.<\/p>\n<p>El equipo dirigido por <strong>Eduardo Coudet<\/strong> ya se encuentra buscando un sustituto ante la inminente salida al futbol europeo de<strong>\u00a0Lautaro Mart\u00ednez<\/strong> y desean que sea una figura de peso la que llegue a ocupar su lugar, sobre todo pensando en la segunda parte de la <strong>Copa Libertadores.<\/strong><\/p>\n<p style=\"text-align: center;\"><a href=\"https:\/\/www.futboltotal.com.mx\/futbol-internacional\/champions-league\/increible-secreto-cristiano-ronaldo-al-cobrar-penales\/2018\/02\">VER M\u00c1S: El incre\u00edble secreto de Cristiano Ronaldo al cobrar penales<\/a><\/p>\n<p>La principal pieza que tienen en la mira es el delantero argentino Gustavo Bou, quien fuera \u00eddolo de la afici\u00f3n de Racing, por lo que ya estar\u00edan trabajando en su vuelta,<mark> algo que tiene como primer obst\u00e1culo el dinero, pero el delantero si desear\u00eda marcharse del club fronterizo pues no ha logrado adaptarse del todo al futbol mexicano.<\/mark><\/p>\n<p>En el verano se dar\u00edan ambas negociaciones, Racing espera recibir <strong>27 millones de euros<\/strong> por Mart\u00ednez y aprovechar esa caja para lanzar una oferta sobre Bou, quien en el periodo <strong>de 2014 a 2017 anot\u00f3\u00a045 goles<\/strong> con este equipo. La directiva apelar\u00e1 a su cari\u00f1o por el club para convencerle de regresar y facilite las negociaciones con Tijuana.<\/p>\n<p>El delantero argentino ha disputado <strong>6 encuentros<\/strong> de este <strong>Clausura 2018<\/strong> y tiene un gol en su cuenta; mientras que el torneo anterior de su llegada disput\u00f3 <strong>17 encuentros<\/strong> y anot\u00f3 en<strong> 7 ocasiones<\/strong>.<\/p>\n<p style=\"text-align: center;\"><a href=\"https:\/\/www.futboltotal.com.mx\/futbol-mexicano\/liga-mx\/11-ideal-la-jornada-7-del-clausura-2018\/2018\/02\">VER M\u00c1S: El 11 Ideal de la Jornada 7 del Clausura 2018<\/a><\/p>\n","protected":false},"excerpt":{"rendered":"<p>El atacante no ha logrado adaptarse al futbol mexicano y desear\u00eda regresar a su pa\u00eds<\/p>\n","protected":false},"author":159,"featured_media":517826,"comment_status":"closed","ping_status":"closed","sticky":false,"template":"","format":"standard","meta":[],"categories":[2198,3845],"tags":[9028,8666,64,2008,1555],"_links":{"self":[{"href":"http:\/\/desarrollo.grupomedios.com\/futbol\/wp-json\/wp\/v2\/posts\/517823"}],"collection":[{"href":"http:\/\/desarrollo.grupomedios.com\/futbol\/wp-json\/wp\/v2\/posts"}],"about":[{"href":"http:\/\/desarrollo.grupomedios.com\/futbol\/wp-json\/wp\/v2\/types\/post"}],"author":[{"embeddable":true,"href":"http:\/\/desarrollo.grupomedios.com\/futbol\/wp-json\/wp\/v2\/users\/159"}],"replies":[{"embeddable":true,"href":"http:\/\/desarrollo.grupomedios.com\/futbol\/wp-json\/wp\/v2\/comments?post=517823"}],"version-history":[{"count":3,"href":"http:\/\/desarrollo.grupomedios.com\/futbol\/wp-json\/wp\/v2\/posts\/517823\/revisions"}],"predecessor-version":[{"id":517830,"href":"http:\/\/desarrollo.grupomedios.com\/futbol\/wp-json\/wp\/v2\/posts\/517823\/revisions\/517830"}],"wp:featuredmedia":[{"embeddable":true,"href":"http:\/\/desarrollo.grupomedios.com\/futbol\/wp-json\/wp\/v2\/media\/517826"}],"wp:attachment":[{"href":"http:\/\/desarrollo.grupomedios.com\/futbol\/wp-json\/wp\/v2\/media?parent=517823"}],"wp:term":[{"taxonomy":"category","embeddable":true,"href":"http:\/\/desarrollo.grupomedios.com\/futbol\/wp-json\/wp\/v2\/categories?post=517823"},{"taxonomy":"post_tag","embeddable":true,"href":"http:\/\/desarrollo.grupomedios.com\/futbol\/wp-json\/wp\/v2\/tags?post=517823"}],"curies":[{"name":"wp","href":"https:\/\/api.w.org\/{rel}","templated":true}]}}