{"id":517831,"date":"2018-02-15T12:20:08","date_gmt":"2018-02-15T18:20:08","guid":{"rendered":"https:\/\/www.futboltotal.com.mx\/?p=517831"},"modified":"2018-02-15T12:37:19","modified_gmt":"2018-02-15T18:37:19","slug":"ousmane-dembele-podria-dejar-al-fc-barcelona","status":"publish","type":"post","link":"http:\/\/desarrollo.grupomedios.com\/futbol\/futbol-internacional\/ousmane-dembele-podria-dejar-al-fc-barcelona\/2018\/02","title":{"rendered":"Ousmane Demb\u00e9l\u00e9 podr\u00eda dejar al FC Barcelona"},"content":{"rendered":"<p>El <strong>FC Barcelona<\/strong> complet\u00f3 la transacci\u00f3n por el extremo franc\u00e9s,\u00a0<strong>Ousmane Demb\u00e9l\u00e9<\/strong> a cambio de <strong>105 millones de euros<\/strong> que fueron pagados al <strong>Borussia Dortmund<\/strong> pero su paso por el equipo blaugrana ha sido muy complicado, ni siquiera ha tenido oportunidad de demostrar de lo que es capaz pues las lesiones no se lo han permitido.<\/p>\n<p>De acuerdo a Calciomercato y Goal, desde la Premier League el equipo del <strong>Arsenal<\/strong> desea juntar al franc\u00e9s con el delantero de Gab\u00f3n,\u00a0<strong>Pierre-Emerick Aubameyang<\/strong> y revivir el paso que ambos tuvieron por el equipo de la Bundesliga, pues est\u00e1n seguros que ser\u00eda un elemento vital y ya probado con el delantero reci\u00e9n llegado a los Gunners.<\/p>\n<p style=\"text-align: center;\"><a href=\"https:\/\/www.futboltotal.com.mx\/futbol-mexicano\/seleccion-mexicana\/seleccion-mexicana-continua-en-top-20-en-ranking-fifa\/2018\/02\">VER M\u00c1S: Selecci\u00f3n Mexicana contin\u00faa en Top 20 en Ranking FIFA<\/a><\/p>\n<p>Demb\u00e9l\u00e9 ha sufrido dos lesiones desde que lleg\u00f3 al Barcelona y ambas lo han mermado de estar con el equipo blaugrana, apenas en el entrenamiento de esta tarde no se ha presentado a la pr\u00e1ctica por una enfermedad que le ha impedido estar al parejo de sus compa\u00f1eros.<\/p>\n<p>El principal problema para que se de su llegada con los Gunners es que solo ofrecen entre <strong>55 y 56 millones de euros <\/strong>por \u00e9l futbolista de 20 a\u00f1os. Sin embargo, <strong>Arsene Wenger<\/strong> quiere al franc\u00e9s y lo ve viable por los problemas que ha tenido para jugar, incluso tentar\u00edan una cesi\u00f3n para darle rodaje al menos por un semestre.<\/p>\n<p><img decoding=\"async\" loading=\"lazy\" class=\"aligncenter size-full wp-image-517834\" src=\"https:\/\/www.futboltotal.com.mx\/wp-content\/uploads\/2018\/02\/dembele-calciomercato.jpg\" alt=\"Ousmane Demb\u00e9l\u00e9 podr\u00eda dejar al FC Barcelona 0\" srcset=\"http:\/\/desarrollo.grupomedios.com\/futbol\/wp-content\/uploads\/2018\/02\/dembele-calciomercato.jpg 720w, http:\/\/desarrollo.grupomedios.com\/futbol\/wp-content\/uploads\/2018\/02\/dembele-calciomercato-300x258.jpg 300w\" sizes=\"(max-width: 720px) 100vw, 720px\" \/><\/p>\n<p>&nbsp;<\/p>\n<p style=\"text-align: center;\"><a href=\"https:\/\/www.futboltotal.com.mx\/futbol-mexicano\/liga-mx\/delantero-xolos-tendria-los-dias-contados-en-la-liga-mx\/2018\/02\">VER M\u00c1S: Delantero de Xolos tendr\u00eda los d\u00edas contados en la Liga MX<\/a><\/p>\n","protected":false},"excerpt":{"rendered":"<p>El extremo franc\u00e9s de 20 a\u00f1os no ha podido tener regularidad debido a las lesiones <\/p>\n","protected":false},"author":159,"featured_media":517835,"comment_status":"closed","ping_status":"closed","sticky":false,"template":"","format":"standard","meta":[],"categories":[3839,3844],"tags":[6044,253,1083,6915,5078],"_links":{"self":[{"href":"http:\/\/desarrollo.grupomedios.com\/futbol\/wp-json\/wp\/v2\/posts\/517831"}],"collection":[{"href":"http:\/\/desarrollo.grupomedios.com\/futbol\/wp-json\/wp\/v2\/posts"}],"about":[{"href":"http:\/\/desarrollo.grupomedios.com\/futbol\/wp-json\/wp\/v2\/types\/post"}],"author":[{"embeddable":true,"href":"http:\/\/desarrollo.grupomedios.com\/futbol\/wp-json\/wp\/v2\/users\/159"}],"replies":[{"embeddable":true,"href":"http:\/\/desarrollo.grupomedios.com\/futbol\/wp-json\/wp\/v2\/comments?post=517831"}],"version-history":[{"count":2,"href":"http:\/\/desarrollo.grupomedios.com\/futbol\/wp-json\/wp\/v2\/posts\/517831\/revisions"}],"predecessor-version":[{"id":517838,"href":"http:\/\/desarrollo.grupomedios.com\/futbol\/wp-json\/wp\/v2\/posts\/517831\/revisions\/517838"}],"wp:featuredmedia":[{"embeddable":true,"href":"http:\/\/desarrollo.grupomedios.com\/futbol\/wp-json\/wp\/v2\/media\/517835"}],"wp:attachment":[{"href":"http:\/\/desarrollo.grupomedios.com\/futbol\/wp-json\/wp\/v2\/media?parent=517831"}],"wp:term":[{"taxonomy":"category","embeddable":true,"href":"http:\/\/desarrollo.grupomedios.com\/futbol\/wp-json\/wp\/v2\/categories?post=517831"},{"taxonomy":"post_tag","embeddable":true,"href":"http:\/\/desarrollo.grupomedios.com\/futbol\/wp-json\/wp\/v2\/tags?post=517831"}],"curies":[{"name":"wp","href":"https:\/\/api.w.org\/{rel}","templated":true}]}}