{"id":517869,"date":"2018-02-15T16:29:54","date_gmt":"2018-02-15T22:29:54","guid":{"rendered":"https:\/\/www.futboltotal.com.mx\/?p=517869"},"modified":"2018-02-15T16:29:54","modified_gmt":"2018-02-15T22:29:54","slug":"paul-pogba-suena-llegar-al-real-madrid","status":"publish","type":"post","link":"http:\/\/desarrollo.grupomedios.com\/futbol\/futbol-internacional\/paul-pogba-suena-llegar-al-real-madrid\/2018\/02","title":{"rendered":"Paul Pogba sue\u00f1a con llegar al Real Madrid"},"content":{"rendered":"<p>El mediocampista franc\u00e9s <strong>Paul Pogba<\/strong> vive momentos complicados con el <strong>Manchester United<\/strong> y su relaci\u00f3n con el estratega portugu\u00e9s <strong>Jos\u00e9 Mourinho<\/strong> se deterior\u00f3 de forma importante en las \u00faltimas semanas, de acuerdo a\u00a0<i>L\u2019Equipe\u00a0<\/i>est\u00e1 arrepentido de haber vuelto con los Red Devils y tiene el sue\u00f1o de fichar por el Real Madrid.<\/p>\n<p>La publicaci\u00f3n francesa;\u00a0<mark>\u201c\u00c9l, que nunca ha ocultado su atracci\u00f3n inicial por el Real Madrid&#8221;<\/mark>, esto se ha agravado luego que en el duelo del\u00a0Tottenham Hotspur lo que supuso varios cambios, incluyendo estar fuera de una convocatoria. Esto porque el franc\u00e9s est\u00e1 en desacuerdo total con la t\u00e1ctica del luso, ya que no desea jugar con Matic en una formaci\u00f3n 4-2-3-1 y ya desea marcharse del equipo.<\/p>\n<p style=\"text-align: center;\"><a href=\"https:\/\/www.futboltotal.com.mx\/futbol-mexicano\/liga-mx\/america-enfrentarian-al-psg-neymar\/2018\/02\">VER M\u00c1S: \u00a1Am\u00e9rica enfrentar\u00edan al PSG de Neymar!<\/a><\/p>\n<p>Luego de su regreso multimillonario con los ingleses, el futbolista esperaba tener una dimensi\u00f3n gigantesca dentro del club, pero el juego planteado no le convence para lograr ganar t\u00edtulos importantes, aunque su contrato<strong> vence en el 2021<\/strong>, la realidad es que espera marcharse este mismo verano de los Red Devils.<\/p>\n<p>\u201cA\u00a0<b>Pogba\u00a0<\/b>le gustar atacar y no firm\u00f3 para ser centrocampista. Claramente no es lo que gusta o lo que m\u00e1s le gusta. Entonces, \u00bfpor qu\u00e9 insistir con \u00e9l? La sensaciones que vienen de Pogba es que no est\u00e1 contento y si no se siente que encaja, entonces puede partir en el verano\u201d, dijo Paul Ince, ex futbolista del Manchester United.<\/p>\n<p style=\"text-align: center;\"><a href=\"https:\/\/www.futboltotal.com.mx\/futbol-internacional\/liga-de-espana\/ousmane-dembele-podria-dejar-al-fc-barcelona\/2018\/02\">VER M\u00c1S: Ousmane Demb\u00e9l\u00e9 podr\u00eda dejar al FC Barcelona<\/a><\/p>\n","protected":false},"excerpt":{"rendered":"<p>El mediocampista franc\u00e9s desea salir del equipo ingl\u00e9s este mismo verano <\/p>\n","protected":false},"author":159,"featured_media":516571,"comment_status":"closed","ping_status":"closed","sticky":false,"template":"","format":"standard","meta":[],"categories":[3839,3846],"tags":[43,6104,334,5988],"_links":{"self":[{"href":"http:\/\/desarrollo.grupomedios.com\/futbol\/wp-json\/wp\/v2\/posts\/517869"}],"collection":[{"href":"http:\/\/desarrollo.grupomedios.com\/futbol\/wp-json\/wp\/v2\/posts"}],"about":[{"href":"http:\/\/desarrollo.grupomedios.com\/futbol\/wp-json\/wp\/v2\/types\/post"}],"author":[{"embeddable":true,"href":"http:\/\/desarrollo.grupomedios.com\/futbol\/wp-json\/wp\/v2\/users\/159"}],"replies":[{"embeddable":true,"href":"http:\/\/desarrollo.grupomedios.com\/futbol\/wp-json\/wp\/v2\/comments?post=517869"}],"version-history":[{"count":1,"href":"http:\/\/desarrollo.grupomedios.com\/futbol\/wp-json\/wp\/v2\/posts\/517869\/revisions"}],"predecessor-version":[{"id":517870,"href":"http:\/\/desarrollo.grupomedios.com\/futbol\/wp-json\/wp\/v2\/posts\/517869\/revisions\/517870"}],"wp:featuredmedia":[{"embeddable":true,"href":"http:\/\/desarrollo.grupomedios.com\/futbol\/wp-json\/wp\/v2\/media\/516571"}],"wp:attachment":[{"href":"http:\/\/desarrollo.grupomedios.com\/futbol\/wp-json\/wp\/v2\/media?parent=517869"}],"wp:term":[{"taxonomy":"category","embeddable":true,"href":"http:\/\/desarrollo.grupomedios.com\/futbol\/wp-json\/wp\/v2\/categories?post=517869"},{"taxonomy":"post_tag","embeddable":true,"href":"http:\/\/desarrollo.grupomedios.com\/futbol\/wp-json\/wp\/v2\/tags?post=517869"}],"curies":[{"name":"wp","href":"https:\/\/api.w.org\/{rel}","templated":true}]}}