{"id":517897,"date":"2018-02-16T08:40:28","date_gmt":"2018-02-16T14:40:28","guid":{"rendered":"https:\/\/www.futboltotal.com.mx\/?p=517897"},"modified":"2018-02-16T08:40:28","modified_gmt":"2018-02-16T14:40:28","slug":"paco-jemez-compara-a-cruz-azul-america-tigres","status":"publish","type":"post","link":"http:\/\/desarrollo.grupomedios.com\/futbol\/uncategorized\/paco-jemez-compara-a-cruz-azul-america-tigres\/2018\/02","title":{"rendered":"Paco J\u00e9mez cree que Cruz Azul debe ser como Am\u00e9rica y Tigres"},"content":{"rendered":"<p>El ex estratega de la M\u00e1quina de<strong> Cruz Azul<\/strong>,<strong>\u00a0&#8216;Paco&#8217; J\u00e9mez<\/strong>, no se olvida de su estancia en La Noria, en donde pas\u00f3 por momentos controvertidos luego de dirigir al equipo durante un a\u00f1o y logr\u00f3 regresarlos a la liguilla luego de varios torneos de no lograrlo, pero al salir eliminado en Cuartos de Final ante las <strong>\u00c1guilas del Am\u00e9rica<\/strong>, el espa\u00f1ol se marcho de vuelta a su pa\u00eds.<\/p>\n<div class=\"SandboxRoot env-bp-350\" data-twitter-event-id=\"0\">\n<p>Durante una entrevista con Marca, J\u00e9mez se dio tiempo de hablar sobre lo que ocurri\u00f3 en su paso como cementero y adem\u00e1s de ello, estableci\u00f3 lo que considera le hace falta al cuadro cementero para lograr un campeonato y lograr el nivel de equipos como las \u00c1guilas del <strong>Am\u00e9rica, Tigres UANL o Rayados de Monterrey.<\/strong><\/p>\n<p><mark>&#8220;Cruz Azul necesita un proceso de ir igual\u00e1ndose a equipos como Monterrey, Am\u00e9rica, Tigres e incluso Guadalajara, son clubes que superan y much\u00edsimo en presupuesto a Cruz Azul. Tiene un buen presupuesto pero al final hay diferencias&#8221;<\/mark>, expres\u00f3 el actual director t\u00e9cnico de Las Palmas en Espa\u00f1a.<\/p>\n<p>A pesar de no haber podido continuar en el club celeste, el estratega mostr\u00f3 su cari\u00f1o por el equipo y la afici\u00f3n, adem\u00e1s que confes\u00f3 seguir de cerca lo que ocurre en la Liga MX, a la par que lament\u00f3 el mal momento que est\u00e1n viviendo los dirigidos por <strong>Pedro Caixinha<\/strong>, quien no ha logrado demostrar otro nivel con el equipo.<\/p>\n<div class=\"article-content\">\n<p><mark>&#8220;Le deseo lo mejor de lo mejor al Cruz Azul. Lo seguimos mucho desde ac\u00e1 y nos duele ver al equipo que est\u00e1 en una situaci\u00f3n distinta a la que nos gustar\u00eda&#8221;<\/mark>, se\u00f1al\u00f3 J\u00e9mez.<\/p>\n<\/div>\n<div class=\"article-tags\"><\/div>\n<\/div>\n","protected":false},"excerpt":{"rendered":"<p>El estratega espa\u00f1ol volvi\u00f3 a hablar de su paso por el equipo cementero y vaticin\u00f3 que necesita para conseguir un t\u00edtulo<\/p>\n","protected":false},"author":159,"featured_media":514991,"comment_status":"closed","ping_status":"closed","sticky":false,"template":"","format":"standard","meta":[],"categories":[1],"tags":[5959,9028,5962,64,7053,5973],"_links":{"self":[{"href":"http:\/\/desarrollo.grupomedios.com\/futbol\/wp-json\/wp\/v2\/posts\/517897"}],"collection":[{"href":"http:\/\/desarrollo.grupomedios.com\/futbol\/wp-json\/wp\/v2\/posts"}],"about":[{"href":"http:\/\/desarrollo.grupomedios.com\/futbol\/wp-json\/wp\/v2\/types\/post"}],"author":[{"embeddable":true,"href":"http:\/\/desarrollo.grupomedios.com\/futbol\/wp-json\/wp\/v2\/users\/159"}],"replies":[{"embeddable":true,"href":"http:\/\/desarrollo.grupomedios.com\/futbol\/wp-json\/wp\/v2\/comments?post=517897"}],"version-history":[{"count":1,"href":"http:\/\/desarrollo.grupomedios.com\/futbol\/wp-json\/wp\/v2\/posts\/517897\/revisions"}],"predecessor-version":[{"id":517898,"href":"http:\/\/desarrollo.grupomedios.com\/futbol\/wp-json\/wp\/v2\/posts\/517897\/revisions\/517898"}],"wp:featuredmedia":[{"embeddable":true,"href":"http:\/\/desarrollo.grupomedios.com\/futbol\/wp-json\/wp\/v2\/media\/514991"}],"wp:attachment":[{"href":"http:\/\/desarrollo.grupomedios.com\/futbol\/wp-json\/wp\/v2\/media?parent=517897"}],"wp:term":[{"taxonomy":"category","embeddable":true,"href":"http:\/\/desarrollo.grupomedios.com\/futbol\/wp-json\/wp\/v2\/categories?post=517897"},{"taxonomy":"post_tag","embeddable":true,"href":"http:\/\/desarrollo.grupomedios.com\/futbol\/wp-json\/wp\/v2\/tags?post=517897"}],"curies":[{"name":"wp","href":"https:\/\/api.w.org\/{rel}","templated":true}]}}